{"id":40754,"date":"2021-12-07T13:59:36","date_gmt":"2021-12-07T16:59:36","guid":{"rendered":"http:\/\/www.centraldenoticias.com.ar\/?p=40754"},"modified":"2021-12-07T13:59:36","modified_gmt":"2021-12-07T16:59:36","slug":"acto-de-colacion-de-unicen-entregaran-diploma-a-la-primera-recibida-en-periodismo","status":"publish","type":"post","link":"https:\/\/cdnoticias.com\/index.php\/2021\/12\/07\/acto-de-colacion-de-unicen-entregaran-diploma-a-la-primera-recibida-en-periodismo\/","title":{"rendered":"Acto de Colaci\u00f3n de UNICEN: entregar\u00e1n diploma a la primera recibida en Periodismo"},"content":{"rendered":"<p>Ser\u00e1 este viernes a las 18 horas. De la Facultad de Ciencias Sociales ser\u00e1n 32 los graduados de las diferentes ofertas acad\u00e9micas que ofrece la casa de estudios.<!--more--><\/p>\n<hr \/>\n<p>Este <strong>viernes a las 18:00 horas se llevar\u00e1 adelante la edici\u00f3n n\u00famero 156 de Colaci\u00f3n de Grado en el Campus Universitario de Olavarr\u00eda.<\/strong> De los 32 graduados y graduadas de la Facultad de Ciencias Sociales<strong> recibir\u00e1 su diploma la primera graduada de Periodismo, \u00c1ngela Gallardo.<\/strong><\/p>\n<p>&nbsp;<\/p>\n<blockquote><p>En la oportunidad tambi\u00e9n participar\u00e1n estudiantes de la Facultad de Ciencias de la Salud y de la Facultad de Ingenier\u00eda.<\/p><\/blockquote>\n<p>&nbsp;<\/p>\n<p>Los y las graduados\/as que recibir\u00e1n su t\u00edtulo de la FACSO son los siguientes:<\/p>\n<p>&nbsp;<\/p>\n<p><strong>Doctora en Arqueolog\u00eda<\/strong>: Mari\u00e1ngeles Borgo y Erika Borges Vaz.<\/p>\n<p>&nbsp;<\/p>\n<p><strong>Licenciado en Antropolog\u00eda orientaci\u00f3n Arqueolog\u00eda<\/strong>: Augusto Santiago Oliv\u00e1n.<\/p>\n<p>&nbsp;<\/p>\n<p><strong>Licenciada en Antropolog\u00eda orientaci\u00f3n Social<\/strong>: Mar\u00eda del Carmen Flaherty Mart\u00ednez y Roc\u00edo Lencina.<\/p>\n<p>&nbsp;<\/p>\n<p><strong>Licenciado en Comunicaci\u00f3n Social<\/strong>: Tom\u00e1s Correa (Licenciado en Comunicaci\u00f3n Social), Nubi Fern\u00e1ndez (Licenciada en Comunicaci\u00f3n Social), Ana Vanesa Fischer (Licenciada en Comunicaci\u00f3n Social con orientaci\u00f3n en Investigaci\u00f3n), Leandro Ra\u00fal Frigoli (Licenciado en Comunicaci\u00f3n Social con orientaci\u00f3n en Comunicaci\u00f3n Institucional) y Mar\u00eda Gisela Gonz\u00e1lez (Licenciada en Comunicaci\u00f3n Social con orientaci\u00f3n en Comunicaci\u00f3n Medi\u00e1tica).<\/p>\n<p>&nbsp;<\/p>\n<p><strong>Licenciado en Relaciones Laborales \u2013 Ciclo de Licenciatura<\/strong>: Alejandro Gabriel \u00c1vila Liciaga y Javier Esteban C\u00e1ceres.<\/p>\n<p>&nbsp;<\/p>\n<p><strong>T\u00e9cnico Universitario en Producci\u00f3n Medi\u00e1tica<\/strong>: Lisi Ayl\u00e9n Batres, Franco Lovecchio, Mar\u00eda Melisa Manrique y Rub\u00e9n Omar Pose.<\/p>\n<p>&nbsp;<\/p>\n<p><strong>T\u00e9cnico Universitaria en Comunicaci\u00f3n Institucional<\/strong>: Ornella Martina Orifici Candia (recibe adem\u00e1s el t\u00edtulo de T\u00e9cnico Universitario en Producci\u00f3n Medi\u00e1tica) y Mat\u00edas Hern\u00e1n Varela.<\/p>\n<p>&nbsp;<\/p>\n<p><strong>Periodista<\/strong>: \u00c1ngela Florencia Gallardo Cataldo.<\/p>\n<p>&nbsp;<\/p>\n<p><strong>Diplomatura Universitaria Superior en Comunicaci\u00f3n P\u00fablica de la Ciencia<\/strong>: Cecilia Soledad Arce, Selene Arislur, Mar\u00eda Cecilia Carballo, Javier Ricardo Garc\u00eda de Souza, Agust\u00edn Mangiarotti, Andrea Cecilia Mes\u00edas, \u00c1lvaro Patricio Monz\u00f3n Battilana, Marina Alicia Pellizzari, Mariana Santamar\u00eda, Mar\u00eda Soledad Scazzola, Macarena Siri, Mar\u00eda Magdalena V\u00e1zquez y Melina Alicia Velasco.<\/p>\n","protected":false},"excerpt":{"rendered":"<p>Ser\u00e1 este viernes a las 18 horas. De la Facultad de Ciencias Sociales ser\u00e1n 32 los graduados de las diferentes<\/p>\n","protected":false},"author":2,"featured_media":40755,"comment_status":"closed","ping_status":"closed","sticky":false,"template":"","format":"standard","meta":{"_jetpack_memberships_contains_paid_content":false,"footnotes":""},"categories":[5,1],"tags":[],"class_list":["post-40754","post","type-post","status-publish","format-standard","has-post-thumbnail","hentry","category-informacion-general","category-portada"],"jetpack_featured_media_url":"https:\/\/i0.wp.com\/cdnoticias.com\/wp-content\/uploads\/2021\/12\/colacion.jpg?fit=800%2C533&ssl=1","jetpack_sharing_enabled":true,"_links":{"self":[{"href":"https:\/\/cdnoticias.com\/index.php\/wp-json\/wp\/v2\/posts\/40754","targetHints":{"allow":["GET"]}}],"collection":[{"href":"https:\/\/cdnoticias.com\/index.php\/wp-json\/wp\/v2\/posts"}],"about":[{"href":"https:\/\/cdnoticias.com\/index.php\/wp-json\/wp\/v2\/types\/post"}],"author":[{"embeddable":true,"href":"https:\/\/cdnoticias.com\/index.php\/wp-json\/wp\/v2\/users\/2"}],"replies":[{"embeddable":true,"href":"https:\/\/cdnoticias.com\/index.php\/wp-json\/wp\/v2\/comments?post=40754"}],"version-history":[{"count":0,"href":"https:\/\/cdnoticias.com\/index.php\/wp-json\/wp\/v2\/posts\/40754\/revisions"}],"wp:featuredmedia":[{"embeddable":true,"href":"https:\/\/cdnoticias.com\/index.php\/wp-json\/wp\/v2\/media\/40755"}],"wp:attachment":[{"href":"https:\/\/cdnoticias.com\/index.php\/wp-json\/wp\/v2\/media?parent=40754"}],"wp:term":[{"taxonomy":"category","embeddable":true,"href":"https:\/\/cdnoticias.com\/index.php\/wp-json\/wp\/v2\/categories?post=40754"},{"taxonomy":"post_tag","embeddable":true,"href":"https:\/\/cdnoticias.com\/index.php\/wp-json\/wp\/v2\/tags?post=40754"}],"curies":[{"name":"wp","href":"https:\/\/api.w.org\/{rel}","templated":true}]}}