{"id":40752,"date":"2021-12-07T13:38:00","date_gmt":"2021-12-07T16:38:00","guid":{"rendered":"http:\/\/www.centraldenoticias.com.ar\/?p=40752"},"modified":"2021-12-07T13:38:00","modified_gmt":"2021-12-07T16:38:00","slug":"este-miercoles-corte-de-transito-en-pringles-y-necochea","status":"publish","type":"post","link":"https:\/\/cdnoticias.com\/index.php\/2021\/12\/07\/este-miercoles-corte-de-transito-en-pringles-y-necochea\/","title":{"rendered":"Este mi\u00e9rcoles, corte de tr\u00e1nsito en Pringles y Necochea"},"content":{"rendered":"<p>Comenzar\u00e1 a las 8 de la ma\u00f1ana para reparar un ca\u00f1o que tuvo una aver\u00eda en el acceso a la Terminal de \u00d3mnibus.<!--more--><\/p>\n<hr \/>\n<p><strong>Este mi\u00e9rcoles se program\u00f3 un corte de tr\u00e1nsito sobre avenida Pringles a la altura de calle Necochea en el sentido de avenida Del Valle hacia\u00a0avenida Col\u00f3n<\/strong>.<\/p>\n<p>&nbsp;<\/p>\n<p>Desde el Municipio se inform\u00f3 que <strong>\u201cpor una rotura de un ca\u00f1o de agua en la avenida Pringles<\/strong>, ubicado en el acceso de micros a la Terminal\u201d se defini\u00f3 el corte que <strong>comenzar\u00e1 a las 8.<\/strong><\/p>\n<p>&nbsp;<\/p>\n<p>Las tareas estar\u00e1n<strong> a cargo de la empresa prestadora de servicios Obras Sanitarias Coopelectric<\/strong>. El corte se extender\u00e1 hasta que se solucione el inconveniente. En cuanto al funcionamiento de la Terminal se aclar\u00f3 que ser\u00e1 normal.<\/p>\n","protected":false},"excerpt":{"rendered":"<p>Comenzar\u00e1 a las 8 de la ma\u00f1ana para reparar un ca\u00f1o que tuvo una aver\u00eda en el acceso a la<\/p>\n","protected":false},"author":4,"featured_media":9782,"comment_status":"closed","ping_status":"closed","sticky":false,"template":"","format":"standard","meta":{"_jetpack_memberships_contains_paid_content":false,"footnotes":""},"categories":[5,1],"tags":[],"class_list":["post-40752","post","type-post","status-publish","format-standard","has-post-thumbnail","hentry","category-informacion-general","category-portada"],"jetpack_featured_media_url":"https:\/\/i0.wp.com\/cdnoticias.com\/wp-content\/uploads\/2020\/12\/Terminal-Omnibus-1024x678.jpg?fit=1024%2C678&ssl=1","jetpack_sharing_enabled":true,"_links":{"self":[{"href":"https:\/\/cdnoticias.com\/index.php\/wp-json\/wp\/v2\/posts\/40752","targetHints":{"allow":["GET"]}}],"collection":[{"href":"https:\/\/cdnoticias.com\/index.php\/wp-json\/wp\/v2\/posts"}],"about":[{"href":"https:\/\/cdnoticias.com\/index.php\/wp-json\/wp\/v2\/types\/post"}],"author":[{"embeddable":true,"href":"https:\/\/cdnoticias.com\/index.php\/wp-json\/wp\/v2\/users\/4"}],"replies":[{"embeddable":true,"href":"https:\/\/cdnoticias.com\/index.php\/wp-json\/wp\/v2\/comments?post=40752"}],"version-history":[{"count":0,"href":"https:\/\/cdnoticias.com\/index.php\/wp-json\/wp\/v2\/posts\/40752\/revisions"}],"wp:featuredmedia":[{"embeddable":true,"href":"https:\/\/cdnoticias.com\/index.php\/wp-json\/wp\/v2\/media\/9782"}],"wp:attachment":[{"href":"https:\/\/cdnoticias.com\/index.php\/wp-json\/wp\/v2\/media?parent=40752"}],"wp:term":[{"taxonomy":"category","embeddable":true,"href":"https:\/\/cdnoticias.com\/index.php\/wp-json\/wp\/v2\/categories?post=40752"},{"taxonomy":"post_tag","embeddable":true,"href":"https:\/\/cdnoticias.com\/index.php\/wp-json\/wp\/v2\/tags?post=40752"}],"curies":[{"name":"wp","href":"https:\/\/api.w.org\/{rel}","templated":true}]}}