{"id":40716,"date":"2021-12-07T10:21:42","date_gmt":"2021-12-07T13:21:42","guid":{"rendered":"http:\/\/www.centraldenoticias.com.ar\/?p=40716"},"modified":"2021-12-07T12:25:31","modified_gmt":"2021-12-07T15:25:31","slug":"sesion-del-concejo-deliberante-trabas-en-el-debate-de-cambios-impositivos","status":"publish","type":"post","link":"https:\/\/cdnoticias.com\/index.php\/2021\/12\/07\/sesion-del-concejo-deliberante-trabas-en-el-debate-de-cambios-impositivos\/","title":{"rendered":"Sesi\u00f3n del Concejo Deliberante: trabas en el debate de cambios impositivos"},"content":{"rendered":"<p>La sesi\u00f3n extraordinaria comenz\u00f3 poco despu\u00e9s de las 9. Se pusieron en debate dos iniciativas, aunque la oposici\u00f3n se quej\u00f3 de la falta de tratamiento en comisi\u00f3n. Idas y vueltas en una sesi\u00f3n caliente.<!--more--><\/p>\n<hr \/>\n<p><strong>Desde poco despu\u00e9s de las 9 de la ma\u00f1ana de este martes se inici\u00f3 la sesi\u00f3n extraordinaria convocada por el Concejo Deliberante<\/strong> para tratar<a href=\"https:\/\/cdnoticias.com\/index.php\/2021\/12\/06\/con-dos-temas-en-tratamiento-este-martes-sesionara-el-concejo\/\" target=\"_blank\" rel=\"noopener\"> dos proyectos con modificaciones impositivas<\/a>.<\/p>\n<p>&nbsp;<\/p>\n<p>Inicialmente fue izada la bandera, a cargo de Pamela Jury (Frente de Todos) y se inform\u00f3 <strong>la ausencia con aviso de la concejal Guillermina Amespil (Juntos), con lo que el bloque oficialista cont\u00f3 con un voto menos<\/strong>.<\/p>\n<p>&nbsp;<\/p>\n<p><img data-recalc-dims=\"1\" loading=\"lazy\" decoding=\"async\" class=\"size-full wp-image-40717 aligncenter\" src=\"https:\/\/i0.wp.com\/cdnoticias.com\/wp-content\/uploads\/2021\/12\/HCD-extra-00.jpg?resize=800%2C444&#038;ssl=1\" alt=\"\" width=\"800\" height=\"444\" srcset=\"https:\/\/i0.wp.com\/cdnoticias.com\/wp-content\/uploads\/2021\/12\/HCD-extra-00.jpg?w=800&amp;ssl=1 800w, https:\/\/i0.wp.com\/cdnoticias.com\/wp-content\/uploads\/2021\/12\/HCD-extra-00.jpg?resize=300%2C167&amp;ssl=1 300w, https:\/\/i0.wp.com\/cdnoticias.com\/wp-content\/uploads\/2021\/12\/HCD-extra-00.jpg?resize=768%2C426&amp;ssl=1 768w\" sizes=\"auto, (max-width: 800px) 100vw, 800px\" \/><\/p>\n<p>&nbsp;<\/p>\n<p>Luego se puso en debate la primera iniciativa de <strong>modificaciones impositivas sobre la Tasa de Servicios Urbanos, Derecho de Uso de Espacios P\u00fablicos, Tasa de Marcas y Se\u00f1ales, Tasa de Bromatolog\u00eda y Tasa Automotor<\/strong>. Juan Mujica (Juntos), present\u00f3 la propuesta y enumer\u00f3 los cambios que <strong>\u201cregir\u00e1n desde 2022\u201d<\/strong> adelant\u00f3.<\/p>\n<p>&nbsp;<\/p>\n<p><strong>Mart\u00edn Lastape (UCR)<\/strong> propuso una modificaci\u00f3n al proyecto, pero inmediatamente <strong>Celeste Arouxet (Ahora Olavarr\u00eda) cuestion\u00f3 que el expediente no fue tratado en la comisi\u00f3n de Hacienda<\/strong> que ella preside.<\/p>\n<p>&nbsp;<\/p>\n<p><img data-recalc-dims=\"1\" loading=\"lazy\" decoding=\"async\" class=\"size-full wp-image-40718 aligncenter\" src=\"https:\/\/i0.wp.com\/cdnoticias.com\/wp-content\/uploads\/2021\/12\/HCD-extra-01.jpg?resize=800%2C445&#038;ssl=1\" alt=\"\" width=\"800\" height=\"445\" srcset=\"https:\/\/i0.wp.com\/cdnoticias.com\/wp-content\/uploads\/2021\/12\/HCD-extra-01.jpg?w=800&amp;ssl=1 800w, https:\/\/i0.wp.com\/cdnoticias.com\/wp-content\/uploads\/2021\/12\/HCD-extra-01.jpg?resize=300%2C167&amp;ssl=1 300w, https:\/\/i0.wp.com\/cdnoticias.com\/wp-content\/uploads\/2021\/12\/HCD-extra-01.jpg?resize=768%2C427&amp;ssl=1 768w\" sizes=\"auto, (max-width: 800px) 100vw, 800px\" \/><\/p>\n<p>&nbsp;<\/p>\n<p>A partir de all\u00ed <strong>se sucedieron los cuartos intermedios y los planteos para avanzar en los acuerdos<\/strong>.<\/p>\n<p>&nbsp;<\/p>\n<blockquote><p>El oficialismo busc\u00f3 forzar llegar a la votaci\u00f3n mientras que la oposici\u00f3n logr\u00f3 constituir la comisi\u00f3n de Hacienda en el recinto para definir una convocatoria para el jueves a la ma\u00f1ana en la comisi\u00f3n de Hacienda. All\u00ed seguir\u00e1 el debate del proyecto.<\/p><\/blockquote>\n<p>&nbsp;<\/p>\n<p><img data-recalc-dims=\"1\" loading=\"lazy\" decoding=\"async\" class=\"alignnone size-full wp-image-40720\" src=\"https:\/\/i0.wp.com\/cdnoticias.com\/wp-content\/uploads\/2021\/12\/HCD-extra-03.jpg?resize=800%2C445&#038;ssl=1\" alt=\"\" width=\"800\" height=\"445\" srcset=\"https:\/\/i0.wp.com\/cdnoticias.com\/wp-content\/uploads\/2021\/12\/HCD-extra-03.jpg?w=800&amp;ssl=1 800w, https:\/\/i0.wp.com\/cdnoticias.com\/wp-content\/uploads\/2021\/12\/HCD-extra-03.jpg?resize=300%2C167&amp;ssl=1 300w, https:\/\/i0.wp.com\/cdnoticias.com\/wp-content\/uploads\/2021\/12\/HCD-extra-03.jpg?resize=768%2C427&amp;ssl=1 768w\" sizes=\"auto, (max-width: 800px) 100vw, 800px\" \/><\/p>\n<p>&nbsp;<\/p>\n<p><strong>Los cruces contin\u00faan<\/strong>. A\u00fan resta el debate de la segunda iniciativa sobre el Programa de Lucha contra la Tucura.<\/p>\n<p>&nbsp;<\/p>\n<p>En la barra asistieron<strong> los concejales electos de Juntos, Miriam Mosescu, Carlos Coscia y Sebasti\u00e1n Matrella<\/strong>. Tambi\u00e9n el dirigente radical Francisco Gonz\u00e1lez y el secretario del bloque Ahora Olavarr\u00eda, Guillermo Lascano.<\/p>\n","protected":false},"excerpt":{"rendered":"<p>La sesi\u00f3n extraordinaria comenz\u00f3 poco despu\u00e9s de las 9. Se pusieron en debate dos iniciativas, aunque la oposici\u00f3n se quej\u00f3<\/p>\n","protected":false},"author":4,"featured_media":40719,"comment_status":"closed","ping_status":"closed","sticky":false,"template":"","format":"standard","meta":{"_jetpack_memberships_contains_paid_content":false,"footnotes":""},"categories":[4,1],"tags":[],"class_list":["post-40716","post","type-post","status-publish","format-standard","has-post-thumbnail","hentry","category-politica","category-portada"],"jetpack_featured_media_url":"https:\/\/i0.wp.com\/cdnoticias.com\/wp-content\/uploads\/2021\/12\/HCD-extra-02.jpg?fit=800%2C444&ssl=1","jetpack_sharing_enabled":true,"_links":{"self":[{"href":"https:\/\/cdnoticias.com\/index.php\/wp-json\/wp\/v2\/posts\/40716","targetHints":{"allow":["GET"]}}],"collection":[{"href":"https:\/\/cdnoticias.com\/index.php\/wp-json\/wp\/v2\/posts"}],"about":[{"href":"https:\/\/cdnoticias.com\/index.php\/wp-json\/wp\/v2\/types\/post"}],"author":[{"embeddable":true,"href":"https:\/\/cdnoticias.com\/index.php\/wp-json\/wp\/v2\/users\/4"}],"replies":[{"embeddable":true,"href":"https:\/\/cdnoticias.com\/index.php\/wp-json\/wp\/v2\/comments?post=40716"}],"version-history":[{"count":0,"href":"https:\/\/cdnoticias.com\/index.php\/wp-json\/wp\/v2\/posts\/40716\/revisions"}],"wp:featuredmedia":[{"embeddable":true,"href":"https:\/\/cdnoticias.com\/index.php\/wp-json\/wp\/v2\/media\/40719"}],"wp:attachment":[{"href":"https:\/\/cdnoticias.com\/index.php\/wp-json\/wp\/v2\/media?parent=40716"}],"wp:term":[{"taxonomy":"category","embeddable":true,"href":"https:\/\/cdnoticias.com\/index.php\/wp-json\/wp\/v2\/categories?post=40716"},{"taxonomy":"post_tag","embeddable":true,"href":"https:\/\/cdnoticias.com\/index.php\/wp-json\/wp\/v2\/tags?post=40716"}],"curies":[{"name":"wp","href":"https:\/\/api.w.org\/{rel}","templated":true}]}}