{"id":4071,"date":"2020-10-16T09:13:25","date_gmt":"2020-10-16T12:13:25","guid":{"rendered":"http:\/\/www.centraldenoticias.com.ar\/?p=4071"},"modified":"2020-10-16T09:45:10","modified_gmt":"2020-10-16T12:45:10","slug":"se-reunio-la-mesa-intersectorial-de-diversidad","status":"publish","type":"post","link":"https:\/\/cdnoticias.com\/index.php\/2020\/10\/16\/se-reunio-la-mesa-intersectorial-de-diversidad\/","title":{"rendered":"Se reuni\u00f3 la Mesa Intersectorial de Diversidad"},"content":{"rendered":"<p>Es un \u00e1mbito municipal impulsado por la Direcci\u00f3n de Pol\u00edticas de G\u00e9nero y que convoc\u00f3 a autoridades provinciales, municipales, concejales y referentes de organizaciones. La reuni\u00f3n trat\u00f3 sobre pol\u00edticas p\u00fablicas vinculadas a las reparaciones de derecho del colectivo LGTBI+ y las demandas del sector.<!--more--><\/p>\n<hr \/>\n<p><strong>La Mesa Intersectorial de Diversidad se reuni\u00f3 en Olavarr\u00eda<\/strong>. El encuentro se desarroll\u00f3 el jueves por la ma\u00f1ana en la sede del Servicio Territorial 2 donde convoc\u00f3 a autoridades provinciales, municipales, concejales y referentes de organizaciones.<\/p>\n<p>La Mesa <strong>fue impulsada por la Direcci\u00f3n de Pol\u00edticas de G\u00e9nero de la Municipalida<\/strong>d. En ese sentido, estuvieron la directora de Pol\u00edticas de G\u00e9nero de Olavarr\u00eda, Florencia Ju\u00e1rez, junto a su equipo; y tambi\u00e9n particip\u00f3 la directora de Empleo municipal, Natalia Alcaza.<\/p>\n<p><img data-recalc-dims=\"1\" loading=\"lazy\" decoding=\"async\" class=\"aligncenter wp-image-4073\" src=\"https:\/\/i0.wp.com\/cdnoticias.com\/wp-content\/uploads\/2020\/10\/mesa-de-la-diversidad00.jpg?resize=450%2C249&#038;ssl=1\" alt=\"\" width=\"450\" height=\"249\" srcset=\"https:\/\/i0.wp.com\/cdnoticias.com\/wp-content\/uploads\/2020\/10\/mesa-de-la-diversidad00.jpg?resize=300%2C166&amp;ssl=1 300w, https:\/\/i0.wp.com\/cdnoticias.com\/wp-content\/uploads\/2020\/10\/mesa-de-la-diversidad00.jpg?resize=768%2C425&amp;ssl=1 768w, https:\/\/i0.wp.com\/cdnoticias.com\/wp-content\/uploads\/2020\/10\/mesa-de-la-diversidad00.jpg?resize=1024%2C567&amp;ssl=1 1024w, https:\/\/i0.wp.com\/cdnoticias.com\/wp-content\/uploads\/2020\/10\/mesa-de-la-diversidad00.jpg?resize=800%2C445&amp;ssl=1 800w, https:\/\/i0.wp.com\/cdnoticias.com\/wp-content\/uploads\/2020\/10\/mesa-de-la-diversidad00.jpg?w=1040&amp;ssl=1 1040w\" sizes=\"auto, (max-width: 450px) 100vw, 450px\" \/><\/p>\n<p>Se sumaron a la asistencia la coordinadora de la S\u00e9ptima Regi\u00f3n del Consejo de Articulaci\u00f3n con los Municipios del <strong>Ministerio de las Mujeres, Pol\u00edticas de G\u00e9nero y Diversidad Sexual de la provincia<\/strong>, Hosanna Cazola, y su compa\u00f1era de equipo Mar\u00eda Fernanda Casas.<\/p>\n<blockquote><p>Desde esta dependencia provincial se inform\u00f3 que durante el encuentro \u201cse trabaj\u00f3 sobre el recorrido en pol\u00edticas p\u00fablicas vinculadas a las reparaciones de derecho del colectivo LGTBI+, las demandas hist\u00f3ricas de las organizaciones y las urgencias territoriales. A partir de la adhesi\u00f3n a la Ley de Cupo Laboral Travesti- Trans provincial se recuper\u00f3 una ordenanza integral de abordaje a la diversidad y que se encuentra, actualmente, en las comisiones del Concejo Deliberante\u201d.<\/p><\/blockquote>\n<p>Estuvieron presentes tambi\u00e9n las concejalas del Frente de Todos In\u00e9s Creimer, Alicia Almada y Mercedes Landivar quienes adem\u00e1s integran la comisi\u00f3n de G\u00e9nero del HCD; del Ministerio de Desarrollo Social de la Naci\u00f3n, Carolina Bravo y Jos\u00e9 Aranze; la referente de Consultorio Inclusivo municipal, Silvia Rodr\u00edguez; la trabajadora trans municipal Victoria Altavista, y representantes de Chesida, Carla Difrancesco; del MP La Dignidad y de la Asamblea Disidente Alex Herrera y Juan Codd.<\/p>\n","protected":false},"excerpt":{"rendered":"<p>Es un \u00e1mbito municipal impulsado por la Direcci\u00f3n de Pol\u00edticas de G\u00e9nero y que convoc\u00f3 a autoridades provinciales, municipales, concejales<\/p>\n","protected":false},"author":4,"featured_media":4072,"comment_status":"closed","ping_status":"closed","sticky":false,"template":"","format":"standard","meta":{"_jetpack_memberships_contains_paid_content":false,"footnotes":""},"categories":[3,1],"tags":[],"class_list":["post-4071","post","type-post","status-publish","format-standard","has-post-thumbnail","hentry","category-genero","category-portada"],"jetpack_featured_media_url":"https:\/\/i0.wp.com\/cdnoticias.com\/wp-content\/uploads\/2020\/10\/mesa-de-la-diversidad01.jpg?fit=1040%2C580&ssl=1","jetpack_sharing_enabled":true,"_links":{"self":[{"href":"https:\/\/cdnoticias.com\/index.php\/wp-json\/wp\/v2\/posts\/4071","targetHints":{"allow":["GET"]}}],"collection":[{"href":"https:\/\/cdnoticias.com\/index.php\/wp-json\/wp\/v2\/posts"}],"about":[{"href":"https:\/\/cdnoticias.com\/index.php\/wp-json\/wp\/v2\/types\/post"}],"author":[{"embeddable":true,"href":"https:\/\/cdnoticias.com\/index.php\/wp-json\/wp\/v2\/users\/4"}],"replies":[{"embeddable":true,"href":"https:\/\/cdnoticias.com\/index.php\/wp-json\/wp\/v2\/comments?post=4071"}],"version-history":[{"count":0,"href":"https:\/\/cdnoticias.com\/index.php\/wp-json\/wp\/v2\/posts\/4071\/revisions"}],"wp:featuredmedia":[{"embeddable":true,"href":"https:\/\/cdnoticias.com\/index.php\/wp-json\/wp\/v2\/media\/4072"}],"wp:attachment":[{"href":"https:\/\/cdnoticias.com\/index.php\/wp-json\/wp\/v2\/media?parent=4071"}],"wp:term":[{"taxonomy":"category","embeddable":true,"href":"https:\/\/cdnoticias.com\/index.php\/wp-json\/wp\/v2\/categories?post=4071"},{"taxonomy":"post_tag","embeddable":true,"href":"https:\/\/cdnoticias.com\/index.php\/wp-json\/wp\/v2\/tags?post=4071"}],"curies":[{"name":"wp","href":"https:\/\/api.w.org\/{rel}","templated":true}]}}