{"id":40707,"date":"2021-12-07T09:04:21","date_gmt":"2021-12-07T12:04:21","guid":{"rendered":"http:\/\/www.centraldenoticias.com.ar\/?p=40707"},"modified":"2021-12-07T09:04:21","modified_gmt":"2021-12-07T12:04:21","slug":"carlos-bianco-yo-no-estoy-a-favor-de-limitar-los-mandatos","status":"publish","type":"post","link":"https:\/\/cdnoticias.com\/index.php\/2021\/12\/07\/carlos-bianco-yo-no-estoy-a-favor-de-limitar-los-mandatos\/","title":{"rendered":"Carlos Bianco: &#8220;Yo no estoy a favor de limitar los mandatos\u201d"},"content":{"rendered":"<p>El jefe de asesores de la Gobernaci\u00f3n y mano derecha de Axel Kicillof dej\u00f3 un gui\u00f1o a la reelecci\u00f3n indefinida de los intendentes.<!--more--><\/p>\n<hr \/>\n<p>Mientras en la Legislatura y diversos dirigentes debaten la posibilidad de encontrar una salida que le permita a los intendentes que no pueden presentarse para ser reelegidos en 2023 finalmente hacerlo, <strong>el jefe de asesores de la provincia de Buenos Aires, Carlos Bianco, se mostr\u00f3 a favor de no limitar la cantidad de mandatos<\/strong>.<\/p>\n<p>&nbsp;<\/p>\n<blockquote><p>\u201cYo no estoy a favor de limitar los mandatos, estoy a favor de que el pueblo puede elegir con la mayor cantidad de opciones posible\u201d, dijo Bianco, una voz clave dentro del Gobierno de Axel Kicillof. De esta manera, el exjefe de Gabinete se pronunci\u00f3 en l\u00ednea con el grupo de intendentes que apoyan la idea de sacar el l\u00edmite a la posibilidad de reelecci\u00f3n.<\/p><\/blockquote>\n<p>&nbsp;<\/p>\n<p>\u201cLa reelecci\u00f3n de intendentes es un debate en nuestra fuerza y en la oposici\u00f3n\u201d, aclar\u00f3 Bianco en declaraciones a El Destape Radio y agreg\u00f3 que esa <strong>es una discusi\u00f3n \u201cv\u00e1lida\u201d y que \u201cse dar\u00e1 en la Legislatura, que es donde tiene que darse\u201d<\/strong>.<\/p>\n<p>&nbsp;<\/p>\n<p><strong>Casi 90 de los 135 intendentes de la provincia de Buenos Aires, no podr\u00e1n presentarse como candidatos para reelegir en el 2023<\/strong>. Uno de ellos es <strong>Ezequiel Galli<\/strong>, en Olavarr\u00eda. <strong>La mayor\u00eda de ellos son de Juntos<\/strong>, la alianza entre el PRO y la UCR. As\u00ed lo fij\u00f3 una reforma de la Ley Org\u00e1nica de las Municipalidades aprobada en el 2016 y que desde hace tiempo, de varios sectores entre oficialismo y oposici\u00f3n, se quiere reformar.<\/p>\n<p>&nbsp;<\/p>\n<figure id=\"attachment_40709\" aria-describedby=\"caption-attachment-40709\" style=\"width: 696px\" class=\"wp-caption aligncenter\"><img data-recalc-dims=\"1\" loading=\"lazy\" decoding=\"async\" class=\"wp-image-40709 size-full\" src=\"https:\/\/i0.wp.com\/cdnoticias.com\/wp-content\/uploads\/2021\/12\/DIB-Bianco-con-Mussi-696x392.jpg?resize=696%2C392&#038;ssl=1\" alt=\"\" width=\"696\" height=\"392\" srcset=\"https:\/\/i0.wp.com\/cdnoticias.com\/wp-content\/uploads\/2021\/12\/DIB-Bianco-con-Mussi-696x392.jpg?resize=696%2C392&amp;ssl=1 696w, https:\/\/i0.wp.com\/cdnoticias.com\/wp-content\/uploads\/2021\/12\/DIB-Bianco-con-Mussi-696x392.jpg?resize=300%2C169&amp;ssl=1 300w\" sizes=\"auto, (max-width: 696px) 100vw, 696px\" \/><figcaption id=\"caption-attachment-40709\" class=\"wp-caption-text\">Carlos Bianco habla ante el hist\u00f3rico dirigente Juan Jos\u00e9 Mussi.<\/figcaption><\/figure>\n<p>&nbsp;<\/p>\n<p><strong>Algunos apuestan directamente a derogar la ley 14.836<\/strong> que estableci\u00f3 el l\u00edmite de dos mandatos y a la cl\u00e1usula transitoria, la del art\u00edculo 7, que especific\u00f3 que el periodo en curso cuando se aprob\u00f3 la norma contaba como primer mandato. La derogaci\u00f3n de la ley restaurar\u00eda el sistema de las reelecciones indefinidas. Otros, menos pretenciosos, <strong>van por la derogaci\u00f3n de ese art\u00edculo para que el periodo 2015-2019 no sea computado como primer mandato<\/strong> ya que la ley se aprob\u00f3 en 2016, de modo que podr\u00edan volver a ser candidatos en 2023 aunque tendr\u00eda la limitaci\u00f3n en el 2027. <a href=\"https:\/\/cdnoticias.com\/index.php\/2021\/11\/23\/ezequiel-galli-dijo-que-el-limite-de-la-reeleccion-es-sano\/\" target=\"_blank\" rel=\"noopener\">En ese segundo grupo se anot\u00f3 el jefe comunal de Olavarr\u00eda<\/a>.<\/p>\n<p>&nbsp;<\/p>\n<p>La semana pasada, en tanto, <strong>en la C\u00e1mara de Diputados ingres\u00f3 un proyecto que propone restituir la reelecci\u00f3n indefinida con la modificaci\u00f3n del art\u00edculo 3 de la Ley Org\u00e1nica de las Municipalidades<\/strong> y modificatorias, en el que se establece que \u201cel intendente ser\u00e1 elegido directamente por el pueblo y durar\u00e1 cuatro a\u00f1os en sus funciones pudiendo ser reelecto\u201d.<\/p>\n<p>&nbsp;<\/p>\n<p>Sin embargo, estas ideas chocan en parte con la <strong>resistencia que ponen los legisladores que responden a Sergio Massa y Mar\u00eda Eugenia Vidal<\/strong>, entre otros, que son dos de los dirigentes que impulsaron la limitaci\u00f3n a las reelecciones indefinidas.<\/p>\n<p>&nbsp;<\/p>\n<p>Frente a este panorama, que podr\u00eda resolver la Justicia si dictamina que no puede legislarse \u201cpara atr\u00e1s\u201d y que el primer per\u00edodo que se toma en cuenta es 2019, <strong>varios jefes comunales pidieron licencia a su cargo y de ese modo, gambetean la limitaci\u00f3n al no cumplir dos mandatos<\/strong>. Ellos, que se sumaron al Gabinete nacional o provincial, podr\u00edan presentarse en 2023.<\/p>\n<p>&nbsp;<\/p>\n<p>Fuente:<em> Agencia DIB<\/em><\/p>\n","protected":false},"excerpt":{"rendered":"<p>El jefe de asesores de la Gobernaci\u00f3n y mano derecha de Axel Kicillof dej\u00f3 un gui\u00f1o a la reelecci\u00f3n indefinida<\/p>\n","protected":false},"author":4,"featured_media":31329,"comment_status":"closed","ping_status":"closed","sticky":false,"template":"","format":"standard","meta":{"_jetpack_memberships_contains_paid_content":false,"footnotes":""},"categories":[6,1],"tags":[],"class_list":["post-40707","post","type-post","status-publish","format-standard","has-post-thumbnail","hentry","category-nacionales","category-portada"],"jetpack_featured_media_url":"https:\/\/i0.wp.com\/cdnoticias.com\/wp-content\/uploads\/2021\/08\/conferencia-bianco-01-1.jpg?fit=800%2C444&ssl=1","jetpack_sharing_enabled":true,"_links":{"self":[{"href":"https:\/\/cdnoticias.com\/index.php\/wp-json\/wp\/v2\/posts\/40707","targetHints":{"allow":["GET"]}}],"collection":[{"href":"https:\/\/cdnoticias.com\/index.php\/wp-json\/wp\/v2\/posts"}],"about":[{"href":"https:\/\/cdnoticias.com\/index.php\/wp-json\/wp\/v2\/types\/post"}],"author":[{"embeddable":true,"href":"https:\/\/cdnoticias.com\/index.php\/wp-json\/wp\/v2\/users\/4"}],"replies":[{"embeddable":true,"href":"https:\/\/cdnoticias.com\/index.php\/wp-json\/wp\/v2\/comments?post=40707"}],"version-history":[{"count":0,"href":"https:\/\/cdnoticias.com\/index.php\/wp-json\/wp\/v2\/posts\/40707\/revisions"}],"wp:featuredmedia":[{"embeddable":true,"href":"https:\/\/cdnoticias.com\/index.php\/wp-json\/wp\/v2\/media\/31329"}],"wp:attachment":[{"href":"https:\/\/cdnoticias.com\/index.php\/wp-json\/wp\/v2\/media?parent=40707"}],"wp:term":[{"taxonomy":"category","embeddable":true,"href":"https:\/\/cdnoticias.com\/index.php\/wp-json\/wp\/v2\/categories?post=40707"},{"taxonomy":"post_tag","embeddable":true,"href":"https:\/\/cdnoticias.com\/index.php\/wp-json\/wp\/v2\/tags?post=40707"}],"curies":[{"name":"wp","href":"https:\/\/api.w.org\/{rel}","templated":true}]}}