{"id":40679,"date":"2021-12-06T18:22:02","date_gmt":"2021-12-06T21:22:02","guid":{"rendered":"http:\/\/www.centraldenoticias.com.ar\/?p=40679"},"modified":"2021-12-06T21:00:44","modified_gmt":"2021-12-07T00:00:44","slug":"ola-bus-dio-a-conocer-los-horarios-de-los-servicios-durante-las-fiestas","status":"publish","type":"post","link":"https:\/\/cdnoticias.com\/index.php\/2021\/12\/06\/ola-bus-dio-a-conocer-los-horarios-de-los-servicios-durante-las-fiestas\/","title":{"rendered":"Ola Bus dio a conocer los horarios de los servicios durante las Fiestas"},"content":{"rendered":"<p>Recordaron las modificaciones para todas las l\u00edneas durante los d\u00edas 24 y 31 de diciembre; 25 y 26 de diciembre; y 1 y 2 de enero . Informaci\u00f3n para agendar.<!--more--><\/p>\n<hr \/>\n<p>La concesionaria del transporte interurbano de pasajeros del Partido de Olavarr\u00eda, Ola Bus, record\u00f3 las modificaciones en los horarios del servicio en v\u00edsperas de las fiestas de fin de a\u00f1o.<\/p>\n<p>&nbsp;<\/p>\n<p>En este sentido, desde la Subsecretar\u00eda de Gobierno Municipal <strong>informaron los siguientes horarios para todas las l\u00edneas (509 \u2013 510 \u2013 514):<\/strong><\/p>\n<p>&nbsp;<\/p>\n<p><strong>24 y 31 de diciembre de 2021<\/strong><\/p>\n<p>Olavarr\u00eda\u00a0\u00a0\u00a0\u00a0\u00a0 Regreso<\/p>\n<p>07:00\u00a0\u00a0\u00a0\u00a0\u00a0\u00a0\u00a0\u00a0\u00a0\u00a0\u00a0\u00a0 08:00<\/p>\n<p>09:00\u00a0\u00a0\u00a0\u00a0\u00a0\u00a0\u00a0\u00a0\u00a0\u00a0\u00a0\u00a0 10:00<\/p>\n<p>11:00\u00a0\u00a0\u00a0\u00a0\u00a0\u00a0\u00a0\u00a0\u00a0\u00a0\u00a0\u00a0\u00a0 12:00<\/p>\n<p>13:00\u00a0\u00a0\u00a0\u00a0\u00a0\u00a0\u00a0\u00a0\u00a0\u00a0\u00a0\u00a0 14:00<\/p>\n<p>15:00\u00a0\u00a0\u00a0\u00a0\u00a0\u00a0\u00a0\u00a0\u00a0\u00a0\u00a0\u00a0 16:00<\/p>\n<p>17:00\u00a0\u00a0\u00a0\u00a0\u00a0\u00a0\u00a0\u00a0\u00a0\u00a0\u00a0\u00a0 18:00<\/p>\n<p>19:00\u00a0\u00a0\u00a0\u00a0\u00a0\u00a0\u00a0\u00a0\u00a0\u00a0\u00a0\u00a0 20:00<\/p>\n<p>&nbsp;<\/p>\n<p><strong>25 y 26 de diciembre de 2021 y 01 y 02 de enero de 2022<\/strong><\/p>\n<p>&nbsp;<\/p>\n<p>Olavarr\u00eda\u00a0\u00a0\u00a0\u00a0\u00a0\u00a0\u00a0\u00a0 Regreso<\/p>\n<p>09:00\u00a0\u00a0\u00a0\u00a0\u00a0\u00a0\u00a0\u00a0\u00a0\u00a0\u00a0\u00a0\u00a0\u00a0 10:00<\/p>\n<p>12:00\u00a0\u00a0\u00a0\u00a0\u00a0\u00a0\u00a0\u00a0\u00a0\u00a0\u00a0\u00a0\u00a0\u00a0\u00a0 12:00<\/p>\n<p>18:00\u00a0\u00a0\u00a0\u00a0\u00a0\u00a0\u00a0\u00a0\u00a0\u00a0\u00a0\u00a0\u00a0\u00a0\u00a0 19:00<\/p>\n","protected":false},"excerpt":{"rendered":"<p>Recordaron las modificaciones para todas las l\u00edneas durante los d\u00edas 24 y 31 de diciembre; 25 y 26 de diciembre;<\/p>\n","protected":false},"author":5,"featured_media":20077,"comment_status":"closed","ping_status":"closed","sticky":false,"template":"","format":"standard","meta":{"_jetpack_memberships_contains_paid_content":false,"footnotes":""},"categories":[5,1],"tags":[],"class_list":["post-40679","post","type-post","status-publish","format-standard","has-post-thumbnail","hentry","category-informacion-general","category-portada"],"jetpack_featured_media_url":"https:\/\/i0.wp.com\/cdnoticias.com\/wp-content\/uploads\/2021\/04\/Transporte-Ola-Bus.jpg?fit=800%2C542&ssl=1","jetpack_sharing_enabled":true,"_links":{"self":[{"href":"https:\/\/cdnoticias.com\/index.php\/wp-json\/wp\/v2\/posts\/40679","targetHints":{"allow":["GET"]}}],"collection":[{"href":"https:\/\/cdnoticias.com\/index.php\/wp-json\/wp\/v2\/posts"}],"about":[{"href":"https:\/\/cdnoticias.com\/index.php\/wp-json\/wp\/v2\/types\/post"}],"author":[{"embeddable":true,"href":"https:\/\/cdnoticias.com\/index.php\/wp-json\/wp\/v2\/users\/5"}],"replies":[{"embeddable":true,"href":"https:\/\/cdnoticias.com\/index.php\/wp-json\/wp\/v2\/comments?post=40679"}],"version-history":[{"count":0,"href":"https:\/\/cdnoticias.com\/index.php\/wp-json\/wp\/v2\/posts\/40679\/revisions"}],"wp:featuredmedia":[{"embeddable":true,"href":"https:\/\/cdnoticias.com\/index.php\/wp-json\/wp\/v2\/media\/20077"}],"wp:attachment":[{"href":"https:\/\/cdnoticias.com\/index.php\/wp-json\/wp\/v2\/media?parent=40679"}],"wp:term":[{"taxonomy":"category","embeddable":true,"href":"https:\/\/cdnoticias.com\/index.php\/wp-json\/wp\/v2\/categories?post=40679"},{"taxonomy":"post_tag","embeddable":true,"href":"https:\/\/cdnoticias.com\/index.php\/wp-json\/wp\/v2\/tags?post=40679"}],"curies":[{"name":"wp","href":"https:\/\/api.w.org\/{rel}","templated":true}]}}