{"id":40675,"date":"2021-12-06T17:20:29","date_gmt":"2021-12-06T20:20:29","guid":{"rendered":"http:\/\/www.centraldenoticias.com.ar\/?p=40675"},"modified":"2021-12-06T17:29:55","modified_gmt":"2021-12-06T20:29:55","slug":"kicillof-anuncio-que-el-pase-sanitario-tambien-regira-en-la-provincia","status":"publish","type":"post","link":"https:\/\/cdnoticias.com\/index.php\/2021\/12\/06\/kicillof-anuncio-que-el-pase-sanitario-tambien-regira-en-la-provincia\/","title":{"rendered":"Kicillof anunci\u00f3 que el pase sanitario tambi\u00e9n regir\u00e1 en la Provincia"},"content":{"rendered":"<p>Ser\u00e1 a partir del pr\u00f3ximo 21 del corriente mes y ser\u00e1 obligatorio para hacer tr\u00e1mites. <strong>Todos los detalles<\/strong>.<!--more--><\/p>\n<hr \/>\n<p>El gobernador Axel Kicillof anunci\u00f3 en la tarde de este lunes que el pasaporte sanitario, que acredita las dos dosis de la vacuna contra el coronavirus, <strong>comenzar\u00e1 a funcionar a partir del 21 de diciembre en la provincia de Buenos Aires\u00a0para concurrir a eventos masivos y a otras actividades<\/strong>.<\/p>\n<p>&nbsp;<\/p>\n<p>El mandatario encabez\u00f3 una conferencia de prensa junto al ministro de Salud, Nicol\u00e1s Kreplak, en donde se\u00f1al\u00f3 que la Provincia implementar\u00e1 en las pr\u00f3ximas semanas el \u201cpase libre con vacuna\u201d (pasaporte sanitario).<strong> \u201cA partir del 21 de diciembre en los eventos masivos hay que acreditar la vacunaci\u00f3n con dos dosis desde los 13 a\u00f1os\u201d, indic\u00f3 el mandatario bonaerense.<\/strong><\/p>\n<p>&nbsp;<\/p>\n<div class=\"jetpack-video-wrapper\"><iframe loading=\"lazy\" width=\"800\" height=\"450\" src=\"https:\/\/www.youtube.com\/embed\/TGuO2l-VnBE?feature=oembed\" frameborder=\"0\" allow=\"accelerometer; autoplay; clipboard-write; encrypted-media; gyroscope; picture-in-picture\" allowfullscreen><\/iframe><\/div>\n<p>&nbsp;<\/p>\n<p>Seg\u00fan inform\u00f3 el mandatario, el pase sanitario <strong>tambi\u00e9n ser\u00e1 necesario para actividades culturales, deportivas, religiosas y recreativas en espacios cerrados; para la realizaci\u00f3n de tr\u00e1mites ante organismos p\u00fablicos provinciales y municipales y ante entidades privadas; y para los trabajadores que realicen atenci\u00f3n al p\u00fablico<\/strong>.<\/p>\n<p>&nbsp;<\/p>\n<p>Kicillof record\u00f3 adem\u00e1s que <strong>la primera dosis de la vacuna es libre para mayores de 3 a\u00f1os en toda la provincia y anunci\u00f3 que a partir de este viernes tambi\u00e9n ser\u00e1 libre la segunda dosis desde la misma edad (hasta ahora era para mayores de 18)<\/strong>.<\/p>\n<p>&nbsp;<\/p>\n<blockquote><p>La acreditaci\u00f3n podr\u00e1 ser mediante las aplicaciones Vacunate Buenos Aires y MI Argentina o con el carnet f\u00edsico de inmunizaci\u00f3n o el cart\u00f3n.<\/p><\/blockquote>\n<p>&nbsp;<\/p>\n<p>El Gobernador advirti\u00f3 que <strong>preocupa \u201cla trayectoria ascendente\u201d de los contagios en la provincia<\/strong> y el ingreso de la variante \u00d3micron, y llam\u00f3 a \u201ccuidar lo que tenemos para preservar todo lo que hemos ganado con tanto esfuerzo\u201d.<\/p>\n<p>&nbsp;<\/p>\n<p>El mandatario se\u00f1al\u00f3 el objetivo ahora es \u201clograr concientizar\u201d para que la vacunaci\u00f3n sea \u201cuniversal\u201d. <strong>\u201cHay que vacunarse. Las vacunas est\u00e1n. Hoy los segmentos de edad que m\u00e1s se contagian son los que menos vacunados est\u00e1n\u201d, explic\u00f3.<\/strong><\/p>\n<p>&nbsp;<\/p>\n<p><em>Fuente DIB<\/em><\/p>\n","protected":false},"excerpt":{"rendered":"<p>Ser\u00e1 a partir del pr\u00f3ximo 21 del corriente mes y ser\u00e1 obligatorio para hacer tr\u00e1mites. Todos los detalles.<\/p>\n","protected":false},"author":3,"featured_media":40691,"comment_status":"closed","ping_status":"closed","sticky":false,"template":"","format":"standard","meta":{"_jetpack_memberships_contains_paid_content":false,"footnotes":""},"categories":[16,1],"tags":[],"class_list":["post-40675","post","type-post","status-publish","format-standard","has-post-thumbnail","hentry","category-covid-19","category-portada"],"jetpack_featured_media_url":"https:\/\/i0.wp.com\/cdnoticias.com\/wp-content\/uploads\/2021\/12\/pase-sanitario_416x234-1.jpg?fit=858%2C596&ssl=1","jetpack_sharing_enabled":true,"_links":{"self":[{"href":"https:\/\/cdnoticias.com\/index.php\/wp-json\/wp\/v2\/posts\/40675","targetHints":{"allow":["GET"]}}],"collection":[{"href":"https:\/\/cdnoticias.com\/index.php\/wp-json\/wp\/v2\/posts"}],"about":[{"href":"https:\/\/cdnoticias.com\/index.php\/wp-json\/wp\/v2\/types\/post"}],"author":[{"embeddable":true,"href":"https:\/\/cdnoticias.com\/index.php\/wp-json\/wp\/v2\/users\/3"}],"replies":[{"embeddable":true,"href":"https:\/\/cdnoticias.com\/index.php\/wp-json\/wp\/v2\/comments?post=40675"}],"version-history":[{"count":0,"href":"https:\/\/cdnoticias.com\/index.php\/wp-json\/wp\/v2\/posts\/40675\/revisions"}],"wp:featuredmedia":[{"embeddable":true,"href":"https:\/\/cdnoticias.com\/index.php\/wp-json\/wp\/v2\/media\/40691"}],"wp:attachment":[{"href":"https:\/\/cdnoticias.com\/index.php\/wp-json\/wp\/v2\/media?parent=40675"}],"wp:term":[{"taxonomy":"category","embeddable":true,"href":"https:\/\/cdnoticias.com\/index.php\/wp-json\/wp\/v2\/categories?post=40675"},{"taxonomy":"post_tag","embeddable":true,"href":"https:\/\/cdnoticias.com\/index.php\/wp-json\/wp\/v2\/tags?post=40675"}],"curies":[{"name":"wp","href":"https:\/\/api.w.org\/{rel}","templated":true}]}}