{"id":40628,"date":"2021-12-06T15:22:40","date_gmt":"2021-12-06T18:22:40","guid":{"rendered":"http:\/\/www.centraldenoticias.com.ar\/?p=40628"},"modified":"2021-12-06T18:43:26","modified_gmt":"2021-12-06T21:43:26","slug":"carlos-alberto-rodriguez-q-e-p-d-2","status":"publish","type":"post","link":"https:\/\/cdnoticias.com\/index.php\/2021\/12\/06\/carlos-alberto-rodriguez-q-e-p-d-2\/","title":{"rendered":"Carlos Alberto Rodriguez (Q.E.P.D)"},"content":{"rendered":"<p>Falleci\u00f3 en Olavarr\u00eda el d\u00eda 6 de diciembre de 2021 a los 76 a\u00f1os de edad. Sus hijos Carlos Alberto, N\u00e9lida Argentina y Mar\u00eda Lorena, su nuera Carolina Ibarra, su yerno Cristian Nievas, sus nietos Ludmila, Mateo, Antonella, Nahuel y dem\u00e1s deudos participan de su fallecimiento.<\/p>\n<p>&nbsp;<\/p>\n<p>Velatorio:\u00a0Espa\u00f1a 2942 departamento &#8221;D&#8221; 7\/12\/2021 a partir de las 07:30. Inhumaci\u00f3n: Cementerio Loma De Paz, martes 7 de diciembre a las 11:30. Servicio adherido a Coopelectric.<\/p>\n<p>Barrio en el que viv\u00eda: AOMA<\/p>\n<p>Lugar de nacimiento: General Alvear<\/p>\n<p>Actividad que desarrollaba: Jubilado de la F\u00e1brica Loma Negra<\/p>\n","protected":false},"excerpt":{"rendered":"<p>Falleci\u00f3 en Olavarr\u00eda el d\u00eda 6 de diciembre de 2021 a los 76 a\u00f1os de edad. Sus hijos Carlos Alberto,<\/p>\n","protected":false},"author":6,"featured_media":0,"comment_status":"closed","ping_status":"closed","sticky":false,"template":"","format":"standard","meta":{"_jetpack_memberships_contains_paid_content":false,"footnotes":""},"categories":[10],"tags":[],"class_list":["post-40628","post","type-post","status-publish","format-standard","hentry","category-necrologicas"],"jetpack_featured_media_url":"","jetpack_sharing_enabled":true,"_links":{"self":[{"href":"https:\/\/cdnoticias.com\/index.php\/wp-json\/wp\/v2\/posts\/40628","targetHints":{"allow":["GET"]}}],"collection":[{"href":"https:\/\/cdnoticias.com\/index.php\/wp-json\/wp\/v2\/posts"}],"about":[{"href":"https:\/\/cdnoticias.com\/index.php\/wp-json\/wp\/v2\/types\/post"}],"author":[{"embeddable":true,"href":"https:\/\/cdnoticias.com\/index.php\/wp-json\/wp\/v2\/users\/6"}],"replies":[{"embeddable":true,"href":"https:\/\/cdnoticias.com\/index.php\/wp-json\/wp\/v2\/comments?post=40628"}],"version-history":[{"count":0,"href":"https:\/\/cdnoticias.com\/index.php\/wp-json\/wp\/v2\/posts\/40628\/revisions"}],"wp:attachment":[{"href":"https:\/\/cdnoticias.com\/index.php\/wp-json\/wp\/v2\/media?parent=40628"}],"wp:term":[{"taxonomy":"category","embeddable":true,"href":"https:\/\/cdnoticias.com\/index.php\/wp-json\/wp\/v2\/categories?post=40628"},{"taxonomy":"post_tag","embeddable":true,"href":"https:\/\/cdnoticias.com\/index.php\/wp-json\/wp\/v2\/tags?post=40628"}],"curies":[{"name":"wp","href":"https:\/\/api.w.org\/{rel}","templated":true}]}}