{"id":40613,"date":"2021-12-06T12:18:04","date_gmt":"2021-12-06T15:18:04","guid":{"rendered":"http:\/\/www.centraldenoticias.com.ar\/?p=40613"},"modified":"2021-12-06T16:01:07","modified_gmt":"2021-12-06T19:01:07","slug":"habra-importantes-cambios-en-el-otorgamiento-de-turnos-para-la-vtv","status":"publish","type":"post","link":"https:\/\/cdnoticias.com\/index.php\/2021\/12\/06\/habra-importantes-cambios-en-el-otorgamiento-de-turnos-para-la-vtv\/","title":{"rendered":"Habr\u00e1 importantes cambios en el otorgamiento de turnos para la VTV"},"content":{"rendered":"<p>Regir\u00e1n desde el 1\u00b0 de enero pr\u00f3ximo. Se otorgar\u00e1n seg\u00fan el \u00faltimo n\u00famero de la patente del veh\u00edculo para \u201cevitar largas colas en el verano\u201d.\u00a0<!--more--><\/p>\n<hr \/>\n<p>El Ente Regulador de la Verificaci\u00f3n T\u00e9cnica Veh\u00edcular (ERVTV) anunci\u00f3 que <strong>desde el 1\u00b0 de enero se implementer\u00e1 un nuevo sistema de vencimientos para la realizaci\u00f3n de la VTV en toda la Provincia de Buenos Aires y sus 59 plantas, entre ellas la de Olavarr\u00eda.<\/strong><\/p>\n<p>&nbsp;<\/p>\n<p>Con esta nueva modalidad, se inform\u00f3 que <strong>los turnos se otorgar\u00e1n seg\u00fan el \u00faltimo n\u00famero de la patente del veh\u00edculo para evitar largas colas en verano, una situaci\u00f3n recurrente por los viajes durante las vacaciones.<\/strong><\/p>\n<p>&nbsp;<\/p>\n<p>El nuevo sistema operar\u00e1 cuando los automovilistas lleven a verificar sus veh\u00edculos seg\u00fan lo indica la oblea pegada en los parabrisas, y consistir\u00e1 en que<strong> a cada n\u00famero se le otorgar\u00e1 un mes espec\u00edfico del a\u00f1o, momento donde podr\u00e1 verificar.<\/strong><\/p>\n<p>&nbsp;<\/p>\n<p>Cabe se\u00f1alar que <strong>esta medida llega para tratar de normalizar un parque automotor de alrededor de 3.000.000 de veh\u00edculos que, durante todo un a\u00f1o, asisten a las plantas a verificar las condiciones de seguridad para poder circular por la Provincia y todo el pa\u00eds.<\/strong><\/p>\n","protected":false},"excerpt":{"rendered":"<p>Regir\u00e1n desde el 1\u00b0 de enero pr\u00f3ximo. Se otorgar\u00e1n seg\u00fan el \u00faltimo n\u00famero de la patente del veh\u00edculo para \u201cevitar<\/p>\n","protected":false},"author":2,"featured_media":22476,"comment_status":"closed","ping_status":"closed","sticky":false,"template":"","format":"standard","meta":{"_jetpack_memberships_contains_paid_content":false,"footnotes":""},"categories":[5,1],"tags":[],"class_list":["post-40613","post","type-post","status-publish","format-standard","has-post-thumbnail","hentry","category-informacion-general","category-portada"],"jetpack_featured_media_url":"https:\/\/i0.wp.com\/cdnoticias.com\/wp-content\/uploads\/2021\/05\/VTV.jpg?fit=800%2C445&ssl=1","jetpack_sharing_enabled":true,"_links":{"self":[{"href":"https:\/\/cdnoticias.com\/index.php\/wp-json\/wp\/v2\/posts\/40613","targetHints":{"allow":["GET"]}}],"collection":[{"href":"https:\/\/cdnoticias.com\/index.php\/wp-json\/wp\/v2\/posts"}],"about":[{"href":"https:\/\/cdnoticias.com\/index.php\/wp-json\/wp\/v2\/types\/post"}],"author":[{"embeddable":true,"href":"https:\/\/cdnoticias.com\/index.php\/wp-json\/wp\/v2\/users\/2"}],"replies":[{"embeddable":true,"href":"https:\/\/cdnoticias.com\/index.php\/wp-json\/wp\/v2\/comments?post=40613"}],"version-history":[{"count":0,"href":"https:\/\/cdnoticias.com\/index.php\/wp-json\/wp\/v2\/posts\/40613\/revisions"}],"wp:featuredmedia":[{"embeddable":true,"href":"https:\/\/cdnoticias.com\/index.php\/wp-json\/wp\/v2\/media\/22476"}],"wp:attachment":[{"href":"https:\/\/cdnoticias.com\/index.php\/wp-json\/wp\/v2\/media?parent=40613"}],"wp:term":[{"taxonomy":"category","embeddable":true,"href":"https:\/\/cdnoticias.com\/index.php\/wp-json\/wp\/v2\/categories?post=40613"},{"taxonomy":"post_tag","embeddable":true,"href":"https:\/\/cdnoticias.com\/index.php\/wp-json\/wp\/v2\/tags?post=40613"}],"curies":[{"name":"wp","href":"https:\/\/api.w.org\/{rel}","templated":true}]}}