{"id":40576,"date":"2021-12-05T19:18:10","date_gmt":"2021-12-05T22:18:10","guid":{"rendered":"http:\/\/www.centraldenoticias.com.ar\/?p=40576"},"modified":"2021-12-05T19:18:10","modified_gmt":"2021-12-05T22:18:10","slug":"felisa-nolly-montenegro-viuda-de-arouxet-nelly-q-e-p-d","status":"publish","type":"post","link":"https:\/\/cdnoticias.com\/index.php\/2021\/12\/05\/felisa-nolly-montenegro-viuda-de-arouxet-nelly-q-e-p-d\/","title":{"rendered":"Felisa Nolly Montenegro viuda de Arouxet &#8221;Nelly&#8221; (Q.E.P.D.)"},"content":{"rendered":"<p>Falleci\u00f3 en Olavarr\u00eda el 5 de diciembre de 2021 a los 92 a\u00f1os. Sus hijos Ricardo Emilio y Cesar Horacio; sus nietos Romina, Silvina, Sabina y Melisa; sus bisnietos Bautista, Emilia, Renata y L\u00faa; su hermana, sus sobrinos y dem\u00e1s deudos participan de su fallecimiento.<\/p>\n<p>&nbsp;<\/p>\n<p>Sus restos ser\u00e1n velados en la Sala de Espa\u00f1a 2942 departamento \u201cB\u201d este lunes desde las 07:30 e inhumados en el Cementerio Municipal de Olavarr\u00eda a las 10:30. Nacida en Olavarr\u00eda, vecina de barrio Mariano Moreno, jubilada peluquera.<\/p>\n","protected":false},"excerpt":{"rendered":"<p>Falleci\u00f3 en Olavarr\u00eda el 5 de diciembre de 2021 a los 92 a\u00f1os. Sus hijos Ricardo Emilio y Cesar Horacio;<\/p>\n","protected":false},"author":2,"featured_media":0,"comment_status":"closed","ping_status":"closed","sticky":false,"template":"","format":"standard","meta":{"_jetpack_memberships_contains_paid_content":false,"footnotes":""},"categories":[10],"tags":[],"class_list":["post-40576","post","type-post","status-publish","format-standard","hentry","category-necrologicas"],"jetpack_featured_media_url":"","jetpack_sharing_enabled":true,"_links":{"self":[{"href":"https:\/\/cdnoticias.com\/index.php\/wp-json\/wp\/v2\/posts\/40576","targetHints":{"allow":["GET"]}}],"collection":[{"href":"https:\/\/cdnoticias.com\/index.php\/wp-json\/wp\/v2\/posts"}],"about":[{"href":"https:\/\/cdnoticias.com\/index.php\/wp-json\/wp\/v2\/types\/post"}],"author":[{"embeddable":true,"href":"https:\/\/cdnoticias.com\/index.php\/wp-json\/wp\/v2\/users\/2"}],"replies":[{"embeddable":true,"href":"https:\/\/cdnoticias.com\/index.php\/wp-json\/wp\/v2\/comments?post=40576"}],"version-history":[{"count":0,"href":"https:\/\/cdnoticias.com\/index.php\/wp-json\/wp\/v2\/posts\/40576\/revisions"}],"wp:attachment":[{"href":"https:\/\/cdnoticias.com\/index.php\/wp-json\/wp\/v2\/media?parent=40576"}],"wp:term":[{"taxonomy":"category","embeddable":true,"href":"https:\/\/cdnoticias.com\/index.php\/wp-json\/wp\/v2\/categories?post=40576"},{"taxonomy":"post_tag","embeddable":true,"href":"https:\/\/cdnoticias.com\/index.php\/wp-json\/wp\/v2\/tags?post=40576"}],"curies":[{"name":"wp","href":"https:\/\/api.w.org\/{rel}","templated":true}]}}