{"id":4057,"date":"2020-10-15T21:01:44","date_gmt":"2020-10-16T00:01:44","guid":{"rendered":"http:\/\/www.centraldenoticias.com.ar\/?p=4057"},"modified":"2020-10-15T21:06:15","modified_gmt":"2020-10-16T00:06:15","slug":"viernes-y-sabado-los-comercios-no-esenciales-podran-abrir-hasta-las-20","status":"publish","type":"post","link":"https:\/\/cdnoticias.com\/index.php\/2020\/10\/15\/viernes-y-sabado-los-comercios-no-esenciales-podran-abrir-hasta-las-20\/","title":{"rendered":"Viernes y s\u00e1bado los comercios no esenciales podr\u00e1n abrir hasta las 20"},"content":{"rendered":"<p>&nbsp;<\/p>\n<p>La decisi\u00f3n fue tomada por el intendente Ezequiel Galli con motivo de la celebraci\u00f3n del D\u00eda de la Madre. La medida es v\u00e1lida para los d\u00edas viernes 16 y s\u00e1bado 17 de octubre. En tanto, el domingo vuelve a regir el anterior horario.<!--more--><\/p>\n<hr \/>\n<p>Este jueves por la tarde el intendente municipal Ezequiel Galli inform\u00f3 que <strong>el viernes 16 y s\u00e1bado 17 de octubre en v\u00edsperas de la celebraci\u00f3n del D\u00eda de la Madre los comercios no esenciales podr\u00e1n abrir hasta las 20.\u00a0<\/strong><\/p>\n<p>&nbsp;<\/p>\n<p>En este sentido, el jefe comunal indic\u00f3 que <em>\u201csabemos que es una fecha especial para todas las familias y muchos van a querer agasajar a las madres con un regalo. <strong>Por eso hemos decidido que por estos dos d\u00edas los comercios no esenciales puedan abrir hasta las 20 horas<\/strong>\u201d.<\/em><\/p>\n<p>&nbsp;<\/p>\n<p>Asimismo, el propio Ezequiel Galli asegur\u00f3 que <em>\u201ccon esta medida no s\u00f3lo beneficiamos a los vecinos para que puedan tomarse un tiempo para comprar un regalo, sino que adem\u00e1s<strong> es una medida que ayuda a los comercios en esta situaci\u00f3n particular<\/strong>\u201d.<\/em><\/p>\n<p>&nbsp;<\/p>\n<p>Vale recordar que por le Emergencia Sanitaria <strong>el domingo 18 vuelve a regir el horario hasta las 18 horas de los comercios no esenciales y hasta las 20 horas para los comercios esenciales.<\/strong><\/p>\n","protected":false},"excerpt":{"rendered":"<p>&nbsp; La decisi\u00f3n fue tomada por el intendente Ezequiel Galli con motivo de la celebraci\u00f3n del D\u00eda de la Madre.<\/p>\n","protected":false},"author":5,"featured_media":965,"comment_status":"closed","ping_status":"closed","sticky":false,"template":"","format":"standard","meta":{"_jetpack_memberships_contains_paid_content":false,"footnotes":""},"categories":[5,1],"tags":[],"class_list":["post-4057","post","type-post","status-publish","format-standard","has-post-thumbnail","hentry","category-informacion-general","category-portada"],"jetpack_featured_media_url":"https:\/\/i0.wp.com\/cdnoticias.com\/wp-content\/uploads\/2020\/09\/comercios5.jpg?fit=3528%2C2124&ssl=1","jetpack_sharing_enabled":true,"_links":{"self":[{"href":"https:\/\/cdnoticias.com\/index.php\/wp-json\/wp\/v2\/posts\/4057","targetHints":{"allow":["GET"]}}],"collection":[{"href":"https:\/\/cdnoticias.com\/index.php\/wp-json\/wp\/v2\/posts"}],"about":[{"href":"https:\/\/cdnoticias.com\/index.php\/wp-json\/wp\/v2\/types\/post"}],"author":[{"embeddable":true,"href":"https:\/\/cdnoticias.com\/index.php\/wp-json\/wp\/v2\/users\/5"}],"replies":[{"embeddable":true,"href":"https:\/\/cdnoticias.com\/index.php\/wp-json\/wp\/v2\/comments?post=4057"}],"version-history":[{"count":0,"href":"https:\/\/cdnoticias.com\/index.php\/wp-json\/wp\/v2\/posts\/4057\/revisions"}],"wp:featuredmedia":[{"embeddable":true,"href":"https:\/\/cdnoticias.com\/index.php\/wp-json\/wp\/v2\/media\/965"}],"wp:attachment":[{"href":"https:\/\/cdnoticias.com\/index.php\/wp-json\/wp\/v2\/media?parent=4057"}],"wp:term":[{"taxonomy":"category","embeddable":true,"href":"https:\/\/cdnoticias.com\/index.php\/wp-json\/wp\/v2\/categories?post=4057"},{"taxonomy":"post_tag","embeddable":true,"href":"https:\/\/cdnoticias.com\/index.php\/wp-json\/wp\/v2\/tags?post=4057"}],"curies":[{"name":"wp","href":"https:\/\/api.w.org\/{rel}","templated":true}]}}