{"id":40567,"date":"2021-12-05T17:07:21","date_gmt":"2021-12-05T20:07:21","guid":{"rendered":"http:\/\/www.centraldenoticias.com.ar\/?p=40567"},"modified":"2021-12-05T20:30:35","modified_gmt":"2021-12-05T23:30:35","slug":"ruta-226-y-urquiza-un-hombre-fallecio-al-ser-atropellado-por-dos-vehiculos","status":"publish","type":"post","link":"https:\/\/cdnoticias.com\/index.php\/2021\/12\/05\/ruta-226-y-urquiza-un-hombre-fallecio-al-ser-atropellado-por-dos-vehiculos\/","title":{"rendered":"Ruta 226 y Urquiza: Un hombre falleci\u00f3 al ser atropellado por dos veh\u00edculos"},"content":{"rendered":"<p>Ocurri\u00f3 durante la madrugada del domingo sobre la ruta nacional en la bajada del puente Emiliozzi. La v\u00edctima de 30 a\u00f1os circulaba caminando por el sector.<!--more--><\/p>\n<hr \/>\n<p>Cerca de las 4 de la ma\u00f1ana de este domingo se produjo un<strong> accidente en ruta 226 y la bajada del puente Emiliozzi.<\/strong><\/p>\n<p>&nbsp;<\/p>\n<p>Un hombre que circulaba caminando por ruta 226 a la altura de avenida Urquiza<strong> fue embestido por dos veh\u00edculos que no advirtieron su presencia.<\/strong><\/p>\n<p>&nbsp;<\/p>\n<p>Seg\u00fan informaron fuentes policiales, en primer lugar el hombre sufri\u00f3 el impacto de un veh\u00edculo Mercedes Benz 380 y luego de un auto volkswagen UP.<\/p>\n<p>&nbsp;<\/p>\n<blockquote><p>La v\u00edctima identificada como Franco Morales de 30 a\u00f1os, falleci\u00f3 en el acto.<\/p><\/blockquote>\n<p>&nbsp;<\/p>\n<p>Trabajaron en el lugar efectivos policiales, personal de salud y bomberos.<\/p>\n<p>&nbsp;<\/p>\n<p>La causa est\u00e1 caratulada como<strong> &#8220;homicidio culposo&#8221;<\/strong> y se encuentra en etapa de investigaci\u00f3n.<\/p>\n<p>&nbsp;<\/p>\n","protected":false},"excerpt":{"rendered":"<p>Ocurri\u00f3 durante la madrugada del domingo sobre la ruta nacional en la bajada del puente Emiliozzi. La v\u00edctima de 30<\/p>\n","protected":false},"author":5,"featured_media":40568,"comment_status":"closed","ping_status":"closed","sticky":false,"template":"","format":"standard","meta":{"_jetpack_memberships_contains_paid_content":false,"footnotes":""},"categories":[14,1],"tags":[],"class_list":["post-40567","post","type-post","status-publish","format-standard","has-post-thumbnail","hentry","category-policiales","category-portada"],"jetpack_featured_media_url":"https:\/\/i0.wp.com\/cdnoticias.com\/wp-content\/uploads\/2021\/12\/WhatsApp-Image-2021-12-05-at-13.45.38.jpeg?fit=900%2C1600&ssl=1","jetpack_sharing_enabled":true,"_links":{"self":[{"href":"https:\/\/cdnoticias.com\/index.php\/wp-json\/wp\/v2\/posts\/40567","targetHints":{"allow":["GET"]}}],"collection":[{"href":"https:\/\/cdnoticias.com\/index.php\/wp-json\/wp\/v2\/posts"}],"about":[{"href":"https:\/\/cdnoticias.com\/index.php\/wp-json\/wp\/v2\/types\/post"}],"author":[{"embeddable":true,"href":"https:\/\/cdnoticias.com\/index.php\/wp-json\/wp\/v2\/users\/5"}],"replies":[{"embeddable":true,"href":"https:\/\/cdnoticias.com\/index.php\/wp-json\/wp\/v2\/comments?post=40567"}],"version-history":[{"count":0,"href":"https:\/\/cdnoticias.com\/index.php\/wp-json\/wp\/v2\/posts\/40567\/revisions"}],"wp:featuredmedia":[{"embeddable":true,"href":"https:\/\/cdnoticias.com\/index.php\/wp-json\/wp\/v2\/media\/40568"}],"wp:attachment":[{"href":"https:\/\/cdnoticias.com\/index.php\/wp-json\/wp\/v2\/media?parent=40567"}],"wp:term":[{"taxonomy":"category","embeddable":true,"href":"https:\/\/cdnoticias.com\/index.php\/wp-json\/wp\/v2\/categories?post=40567"},{"taxonomy":"post_tag","embeddable":true,"href":"https:\/\/cdnoticias.com\/index.php\/wp-json\/wp\/v2\/tags?post=40567"}],"curies":[{"name":"wp","href":"https:\/\/api.w.org\/{rel}","templated":true}]}}