{"id":40541,"date":"2021-12-05T10:21:17","date_gmt":"2021-12-05T13:21:17","guid":{"rendered":"http:\/\/www.centraldenoticias.com.ar\/?p=40541"},"modified":"2021-12-05T11:08:48","modified_gmt":"2021-12-05T14:08:48","slug":"presentacion-de-desparido-quiero-apropiarme-de-la-salud-mental-como-militancia","status":"publish","type":"post","link":"https:\/\/cdnoticias.com\/index.php\/2021\/12\/05\/presentacion-de-desparido-quiero-apropiarme-de-la-salud-mental-como-militancia\/","title":{"rendered":"Presentaci\u00f3n de \u201cDesparido\u201d: \u201cQuiero apropiarme de la salud mental como militancia\u201d"},"content":{"rendered":"<p>Fabricio Lucio dio a conocer su segundo libro y habl\u00f3 de la tem\u00e1tica que utiliz\u00f3 como disparador para su ficci\u00f3n. En di\u00e1logo con Central de Noticias, asegur\u00f3 que su sue\u00f1o es que Olavarr\u00eda cuente con una Asociaci\u00f3n Civil para abordar la salud mental.<!--more--><\/p>\n<hr \/>\n<p><strong>Fabricio Lucio present\u00f3 este s\u00e1bado su segundo libro \u201cDesparido\u201d, una ficci\u00f3n que aborda la tem\u00e1tica de la salud mental.<\/strong> Con un buen marco de p\u00fablico que se acerc\u00f3 a la Casa del Bicentenario, se concret\u00f3 el cierre de un ciclo de la editorial Del Altillo que durante este a\u00f1o public\u00f3 a cinco autores y autoras.<\/p>\n<p>&nbsp;<\/p>\n<p>Luego de la presentaci\u00f3n, habl\u00f3 con <em>Central de Noticias<\/em> sobre su obra, la estructura narrativa y lo elementos de la realidad que toma para llevar al terreno de la ficci\u00f3n.<\/p>\n<p>&nbsp;<\/p>\n<p><img data-recalc-dims=\"1\" loading=\"lazy\" decoding=\"async\" class=\"alignnone size-large wp-image-40546\" src=\"https:\/\/i0.wp.com\/cdnoticias.com\/wp-content\/uploads\/2021\/12\/WhatsApp-Image-2021-12-04-at-20.13.10.jpeg?resize=800%2C533&#038;ssl=1\" alt=\"\" width=\"800\" height=\"533\" srcset=\"https:\/\/i0.wp.com\/cdnoticias.com\/wp-content\/uploads\/2021\/12\/WhatsApp-Image-2021-12-04-at-20.13.10.jpeg?resize=1024%2C682&amp;ssl=1 1024w, https:\/\/i0.wp.com\/cdnoticias.com\/wp-content\/uploads\/2021\/12\/WhatsApp-Image-2021-12-04-at-20.13.10.jpeg?resize=300%2C200&amp;ssl=1 300w, https:\/\/i0.wp.com\/cdnoticias.com\/wp-content\/uploads\/2021\/12\/WhatsApp-Image-2021-12-04-at-20.13.10.jpeg?resize=768%2C512&amp;ssl=1 768w, https:\/\/i0.wp.com\/cdnoticias.com\/wp-content\/uploads\/2021\/12\/WhatsApp-Image-2021-12-04-at-20.13.10.jpeg?resize=272%2C182&amp;ssl=1 272w, https:\/\/i0.wp.com\/cdnoticias.com\/wp-content\/uploads\/2021\/12\/WhatsApp-Image-2021-12-04-at-20.13.10.jpeg?w=1280&amp;ssl=1 1280w\" sizes=\"auto, (max-width: 800px) 100vw, 800px\" \/><\/p>\n<p>&nbsp;<\/p>\n<p><strong>-\u00bfPariste el libro?<\/strong><\/p>\n<p>Si. Si se puede parir en dos tramos, ya lo hab\u00eda parido y lo termin\u00e9 de parir con la presentaci\u00f3n. Esta semana volv\u00eda a releer prepar\u00e1ndome para difundir la presentaci\u00f3n y verdaderamente lo volv\u00ed a parir. Estoy muy conforme con lo que qued\u00f3, conforme con el trabajo en equipo que se hizo y esto me da pie para seguir.<\/p>\n<p>&nbsp;<\/p>\n<p><strong>-Durante la presentaci\u00f3n dijiste que quer\u00e9s seguir escribiendo y que quer\u00e9s seguir militando la tem\u00e1tica de la salud mental \u00bfC\u00f3mo te ubic\u00e1s en ese rol desde la ficci\u00f3n pero con una tem\u00e1tica tan concreta?<\/strong><\/p>\n<p>Usuario ser\u00eda la palabra. El usuario de la salud mental. Desde ah\u00ed uno puede hacer mucho, teniendo la posibilidad de escribir algo, de que otro te lo corrija y dem\u00e1s, te permite de alguna manera seguir con esta intenci\u00f3n de servir a la salud mental como militancia. Como usuario porque me reconozco como tal, es de la \u00fanica forma que lo puedo hacer, sino no podr\u00eda militar una causa. Y como lo dije en la presentaci\u00f3n, uno nunca sale una vez que es usuario de la salud mental, ya sea porque se psicoanaliza o porque tiene un padecimiento agudo. Mi proyecto ahora ser\u00eda volver a congeniar ambos temas, aunque parezca repetitivo, tratar de seguir trabajando desde este lugar. Hay mucho elemento en la realidad para ficcionar y escribir.<\/p>\n<p>&nbsp;<\/p>\n<p><strong>&#8211; Y hay mucho elemento en Olavarr\u00eda, diste un dato concreto de 80 personas que est\u00e1n en este momento bajo una tutela.<\/strong><\/p>\n<p>Son 80 personas que est\u00e1n en este momento con capacidad restringida por la Justicia. Son 80 vecinos y vecinas que hoy tienen que depender de que un curador les de un dinero mensual, le administre sus bienes, otros que los alojen en cualquier lugar\u2026 me parece que es un n\u00famero importante y no s\u00e9 si est\u00e1n asistidos como corresponde. Lo que s\u00ed me dicen cuando acced\u00ed a este dato, es que lo que falta es el otro pilar que es la familia. Hay un doble juego: el Estado hace o mal-hace y la familia tambi\u00e9n hace o mal-hace.<\/p>\n<p>&nbsp;<\/p>\n<p><img data-recalc-dims=\"1\" loading=\"lazy\" decoding=\"async\" class=\"alignnone size-large wp-image-40543\" src=\"https:\/\/i0.wp.com\/cdnoticias.com\/wp-content\/uploads\/2021\/12\/WhatsApp-Image-2021-12-04-at-20.13.11.jpeg?resize=800%2C533&#038;ssl=1\" alt=\"\" width=\"800\" height=\"533\" srcset=\"https:\/\/i0.wp.com\/cdnoticias.com\/wp-content\/uploads\/2021\/12\/WhatsApp-Image-2021-12-04-at-20.13.11.jpeg?resize=1024%2C682&amp;ssl=1 1024w, https:\/\/i0.wp.com\/cdnoticias.com\/wp-content\/uploads\/2021\/12\/WhatsApp-Image-2021-12-04-at-20.13.11.jpeg?resize=300%2C200&amp;ssl=1 300w, https:\/\/i0.wp.com\/cdnoticias.com\/wp-content\/uploads\/2021\/12\/WhatsApp-Image-2021-12-04-at-20.13.11.jpeg?resize=768%2C512&amp;ssl=1 768w, https:\/\/i0.wp.com\/cdnoticias.com\/wp-content\/uploads\/2021\/12\/WhatsApp-Image-2021-12-04-at-20.13.11.jpeg?resize=272%2C182&amp;ssl=1 272w, https:\/\/i0.wp.com\/cdnoticias.com\/wp-content\/uploads\/2021\/12\/WhatsApp-Image-2021-12-04-at-20.13.11.jpeg?w=1280&amp;ssl=1 1280w\" sizes=\"auto, (max-width: 800px) 100vw, 800px\" \/><\/p>\n<p>&nbsp;<\/p>\n<p><strong>-Pese a todos estos datos de la realidad, Desparido es ficci\u00f3n. En alg\u00fan momento \u00bfpuede llegar la no ficci\u00f3n?.<\/strong><\/p>\n<p>Si. Pero para eso voy a necesitar de un abogado y abogada que tenga ganas de sentarse a trabajar conmigo, de psic\u00f3logos o psic\u00f3logas que tengan ganas de sentarse a trabajar conmigo y en realidad si vamos a so\u00f1ar, yo sue\u00f1o con que Olavarr\u00eda tenga una Asociaci\u00f3n Civil armada por civiles que vaya y sepa que tal persona est\u00e1 pasando por eso momento y la podamos asistir. Yo tiro la piedra, si alguien se suma cuentan conmigo para armarla, porque me parece que hace falta.<\/p>\n<p>&nbsp;<\/p>\n<blockquote><p>Quiero seguir escribiendo. Quiero apropiarme de la salud mental como militancia.<\/p><\/blockquote>\n<p>&nbsp;<\/p>\n<p><strong>&#8211; En el libro est\u00e1 presente el ajedrez, una serie de puertas, reci\u00e9n hablaste de la posibilidad de que el lector le d\u00e9 un final \u00bfhay cuestiones l\u00fadicas?.<\/strong><\/p>\n<p>Si, permanentemente. A m\u00ed me gusta jugar y no encasillar. Yo me enojo con Guillermo (Del Zotto) cuando \u00e9l dice que esto es una novela. No es una novela. T\u00e9cnicamente no llega a las p\u00e1ginas que requiere una novela, est\u00e1n las puertas que irrumpen y no permiten un fluir, yo no s\u00e9 qu\u00e9 g\u00e9nero es. Yo me divierto y busco entretener. Esto tambi\u00e9n lo dejo en claro. Hay una problem\u00e1tica que es de la realidad pero yo busco entretener, y en el entretenimiento se disparan las otras cosas. Hay mucho de l\u00fadico, hay mucho de imaginaci\u00f3n, hay algo de investigaci\u00f3n y hay ganas de seguir en esta tonalidad definiendo el estilo.<\/p>\n<p>&nbsp;<\/p>\n<p><em>Fotos: gentileza Jorge Scotton.\u00a0<\/em><\/p>\n","protected":false},"excerpt":{"rendered":"<p>Fabricio Lucio dio a conocer su segundo libro y habl\u00f3 de la tem\u00e1tica que utiliz\u00f3 como disparador para su ficci\u00f3n.<\/p>\n","protected":false},"author":5,"featured_media":40545,"comment_status":"closed","ping_status":"closed","sticky":false,"template":"","format":"standard","meta":{"_jetpack_memberships_contains_paid_content":false,"footnotes":""},"categories":[9,1],"tags":[],"class_list":["post-40541","post","type-post","status-publish","format-standard","has-post-thumbnail","hentry","category-cultura","category-portada"],"jetpack_featured_media_url":"https:\/\/i0.wp.com\/cdnoticias.com\/wp-content\/uploads\/2021\/12\/WhatsApp-Image-2021-12-04-at-20.13.10-1.jpeg?fit=1280%2C853&ssl=1","jetpack_sharing_enabled":true,"_links":{"self":[{"href":"https:\/\/cdnoticias.com\/index.php\/wp-json\/wp\/v2\/posts\/40541","targetHints":{"allow":["GET"]}}],"collection":[{"href":"https:\/\/cdnoticias.com\/index.php\/wp-json\/wp\/v2\/posts"}],"about":[{"href":"https:\/\/cdnoticias.com\/index.php\/wp-json\/wp\/v2\/types\/post"}],"author":[{"embeddable":true,"href":"https:\/\/cdnoticias.com\/index.php\/wp-json\/wp\/v2\/users\/5"}],"replies":[{"embeddable":true,"href":"https:\/\/cdnoticias.com\/index.php\/wp-json\/wp\/v2\/comments?post=40541"}],"version-history":[{"count":0,"href":"https:\/\/cdnoticias.com\/index.php\/wp-json\/wp\/v2\/posts\/40541\/revisions"}],"wp:featuredmedia":[{"embeddable":true,"href":"https:\/\/cdnoticias.com\/index.php\/wp-json\/wp\/v2\/media\/40545"}],"wp:attachment":[{"href":"https:\/\/cdnoticias.com\/index.php\/wp-json\/wp\/v2\/media?parent=40541"}],"wp:term":[{"taxonomy":"category","embeddable":true,"href":"https:\/\/cdnoticias.com\/index.php\/wp-json\/wp\/v2\/categories?post=40541"},{"taxonomy":"post_tag","embeddable":true,"href":"https:\/\/cdnoticias.com\/index.php\/wp-json\/wp\/v2\/tags?post=40541"}],"curies":[{"name":"wp","href":"https:\/\/api.w.org\/{rel}","templated":true}]}}