{"id":40539,"date":"2021-12-05T09:18:22","date_gmt":"2021-12-05T12:18:22","guid":{"rendered":"http:\/\/www.centraldenoticias.com.ar\/?p=40539"},"modified":"2021-12-05T09:18:22","modified_gmt":"2021-12-05T12:18:22","slug":"cristian-gaston-vola-tonchi-q-e-p-d","status":"publish","type":"post","link":"https:\/\/cdnoticias.com\/index.php\/2021\/12\/05\/cristian-gaston-vola-tonchi-q-e-p-d\/","title":{"rendered":"Cristian Gast\u00f3n Vola \u201cTonchi\u201d (Q.E.P.D.)"},"content":{"rendered":"<p>Falleci\u00f3 en CABA el 4 de diciembre a los 37 a\u00f1os de edad. Su esposa Paula; su hijo Juan Cruz; su madre Olga; su padre del coraz\u00f3n Carlos y dem\u00e1s deudos participan su fallecimiento.<\/p>\n<p>&nbsp;<\/p>\n<p>Sus restos ser\u00e1n velados en sala \u201cA\u201d de Sierras Bayas, este domingo de 7:30 a 11:30 y ser\u00e1n inhumados en el cementerio municipal de Sierras Bayas a las 11:30, previo responso en la capilla ardiente. Vecino de Sierras Bayas. Empleado de F\u00e1brica ETA S. A.<\/p>\n","protected":false},"excerpt":{"rendered":"<p>Falleci\u00f3 en CABA el 4 de diciembre a los 37 a\u00f1os de edad. Su esposa Paula; su hijo Juan Cruz;<\/p>\n","protected":false},"author":5,"featured_media":0,"comment_status":"closed","ping_status":"closed","sticky":false,"template":"","format":"standard","meta":{"_jetpack_memberships_contains_paid_content":false,"footnotes":""},"categories":[10],"tags":[],"class_list":["post-40539","post","type-post","status-publish","format-standard","hentry","category-necrologicas"],"jetpack_featured_media_url":"","jetpack_sharing_enabled":true,"_links":{"self":[{"href":"https:\/\/cdnoticias.com\/index.php\/wp-json\/wp\/v2\/posts\/40539","targetHints":{"allow":["GET"]}}],"collection":[{"href":"https:\/\/cdnoticias.com\/index.php\/wp-json\/wp\/v2\/posts"}],"about":[{"href":"https:\/\/cdnoticias.com\/index.php\/wp-json\/wp\/v2\/types\/post"}],"author":[{"embeddable":true,"href":"https:\/\/cdnoticias.com\/index.php\/wp-json\/wp\/v2\/users\/5"}],"replies":[{"embeddable":true,"href":"https:\/\/cdnoticias.com\/index.php\/wp-json\/wp\/v2\/comments?post=40539"}],"version-history":[{"count":0,"href":"https:\/\/cdnoticias.com\/index.php\/wp-json\/wp\/v2\/posts\/40539\/revisions"}],"wp:attachment":[{"href":"https:\/\/cdnoticias.com\/index.php\/wp-json\/wp\/v2\/media?parent=40539"}],"wp:term":[{"taxonomy":"category","embeddable":true,"href":"https:\/\/cdnoticias.com\/index.php\/wp-json\/wp\/v2\/categories?post=40539"},{"taxonomy":"post_tag","embeddable":true,"href":"https:\/\/cdnoticias.com\/index.php\/wp-json\/wp\/v2\/tags?post=40539"}],"curies":[{"name":"wp","href":"https:\/\/api.w.org\/{rel}","templated":true}]}}