{"id":4052,"date":"2020-10-15T20:35:18","date_gmt":"2020-10-15T23:35:18","guid":{"rendered":"http:\/\/www.centraldenoticias.com.ar\/?p=4052"},"modified":"2020-10-15T20:35:18","modified_gmt":"2020-10-15T23:35:18","slug":"de-73-nuevos-casos-14-corresponden-al-programa-de-deteccion-intensiva-de-covid-19","status":"publish","type":"post","link":"https:\/\/cdnoticias.com\/index.php\/2020\/10\/15\/de-73-nuevos-casos-14-corresponden-al-programa-de-deteccion-intensiva-de-covid-19\/","title":{"rendered":"De 73 nuevos casos, 14 corresponden al Programa de Detecci\u00f3n Intensiva de Covid-19"},"content":{"rendered":"<p>&nbsp;<\/p>\n<p>Este jueves se realizaron 151 testeos. Adem\u00e1s 38 pacientes recibieron el alta m\u00e9dica y se descartaron 78 casos sospechosos. Dos pacientes fallecieron en las \u00faltimas 24 horas.<!--more--><\/p>\n<hr \/>\n<p>Este jueves se registraron <strong>73 nuevos casos de Covid-19 en el Partido de Olavarr\u00eda<\/strong> y hubo 38 pacientes que recibieron el alta m\u00e9dica y se descartaron 78. El total de pacientes activos es de 383.<\/p>\n<p>&nbsp;<\/p>\n<p>En el d\u00eda de la fecha <strong>se realizaron 151 testeos<\/strong> y casi 6.000 desde el comienzo de la pandemia.<\/p>\n<p>&nbsp;<\/p>\n<blockquote><p>La Secretar\u00eda de Salud del Gobierno Municipal inform\u00f3 de los 73 casos de la jornada, 14 corresponden al <a href=\"https:\/\/cdnoticias.com\/index.php\/2020\/10\/15\/covid-en-loma-negra-y-sierras-bayas-se-hicieron-46-testeos\/\" target=\"_blank\" rel=\"noopener\">Programa de Detecci\u00f3n Intensiva<\/a> que se realiz\u00f3 en las localidades de Loma Negra y Sierras Bayas.<\/p><\/blockquote>\n<p>&nbsp;<\/p>\n<p>El resto de los positivos corresponden a <strong>personal del Servicio Penitenciario, de seguridad, de f\u00e1bricas y comercios locales, a nexos con positivos anteriores y se estudia el nexo epidemiol\u00f3gico del 30% de los casos de hoy.<\/strong><\/p>\n<p>&nbsp;<\/p>\n<p>Asimismo, <a href=\"https:\/\/cdnoticias.com\/index.php\/2020\/10\/15\/murieron-dos-personas-y-ya-son-55-los-fallecimientos-de-pacientes-con-covid19\/\" target=\"_blank\" rel=\"noopener\">fallecieron dos pacientes que hab\u00edan resultado positivos para Covid-19:<\/a> dos mujeres de 89 y 94 a\u00f1os.<\/p>\n<p>&nbsp;<\/p>\n<p><img data-recalc-dims=\"1\" loading=\"lazy\" decoding=\"async\" class=\"alignnone size-large wp-image-4051\" src=\"https:\/\/i0.wp.com\/cdnoticias.com\/wp-content\/uploads\/2020\/10\/parte-10.jpg?resize=800%2C402&#038;ssl=1\" alt=\"\" width=\"800\" height=\"402\" srcset=\"https:\/\/i0.wp.com\/cdnoticias.com\/wp-content\/uploads\/2020\/10\/parte-10.jpg?resize=1024%2C515&amp;ssl=1 1024w, https:\/\/i0.wp.com\/cdnoticias.com\/wp-content\/uploads\/2020\/10\/parte-10.jpg?resize=300%2C151&amp;ssl=1 300w, https:\/\/i0.wp.com\/cdnoticias.com\/wp-content\/uploads\/2020\/10\/parte-10.jpg?resize=768%2C386&amp;ssl=1 768w, https:\/\/i0.wp.com\/cdnoticias.com\/wp-content\/uploads\/2020\/10\/parte-10.jpg?w=1173&amp;ssl=1 1173w\" sizes=\"auto, (max-width: 800px) 100vw, 800px\" \/><\/p>\n<p>&nbsp;<\/p>\n<p>Sobre el estado actual del Hospital, se indic\u00f3 que hay <strong>8 pacientes en Unidad de Terapia Intensiva y 17 en Cuidados Generales.\u00a0<\/strong> No hay internados en el sector de Pediatr\u00eda y no hubo casos positivos en residencias de Adultos Mayores.<\/p>\n<p>&nbsp;<\/p>\n<p>En este sentido, las autoridades sanitarias aseguraron que <strong>el 86% de los casos positivos corresponden a personas con menos de 60 a\u00f1os y el 14% a mayores de 60 a\u00f1os.<\/strong><\/p>\n","protected":false},"excerpt":{"rendered":"<p>&nbsp; Este jueves se realizaron 151 testeos. Adem\u00e1s 38 pacientes recibieron el alta m\u00e9dica y se descartaron 78 casos sospechosos.<\/p>\n","protected":false},"author":5,"featured_media":3988,"comment_status":"closed","ping_status":"closed","sticky":false,"template":"","format":"standard","meta":{"_jetpack_memberships_contains_paid_content":false,"footnotes":""},"categories":[5,1],"tags":[],"class_list":["post-4052","post","type-post","status-publish","format-standard","has-post-thumbnail","hentry","category-informacion-general","category-portada"],"jetpack_featured_media_url":"https:\/\/i0.wp.com\/cdnoticias.com\/wp-content\/uploads\/2020\/10\/operativo-loma-negra3.jpg?fit=956%2C676&ssl=1","jetpack_sharing_enabled":true,"_links":{"self":[{"href":"https:\/\/cdnoticias.com\/index.php\/wp-json\/wp\/v2\/posts\/4052","targetHints":{"allow":["GET"]}}],"collection":[{"href":"https:\/\/cdnoticias.com\/index.php\/wp-json\/wp\/v2\/posts"}],"about":[{"href":"https:\/\/cdnoticias.com\/index.php\/wp-json\/wp\/v2\/types\/post"}],"author":[{"embeddable":true,"href":"https:\/\/cdnoticias.com\/index.php\/wp-json\/wp\/v2\/users\/5"}],"replies":[{"embeddable":true,"href":"https:\/\/cdnoticias.com\/index.php\/wp-json\/wp\/v2\/comments?post=4052"}],"version-history":[{"count":0,"href":"https:\/\/cdnoticias.com\/index.php\/wp-json\/wp\/v2\/posts\/4052\/revisions"}],"wp:featuredmedia":[{"embeddable":true,"href":"https:\/\/cdnoticias.com\/index.php\/wp-json\/wp\/v2\/media\/3988"}],"wp:attachment":[{"href":"https:\/\/cdnoticias.com\/index.php\/wp-json\/wp\/v2\/media?parent=4052"}],"wp:term":[{"taxonomy":"category","embeddable":true,"href":"https:\/\/cdnoticias.com\/index.php\/wp-json\/wp\/v2\/categories?post=4052"},{"taxonomy":"post_tag","embeddable":true,"href":"https:\/\/cdnoticias.com\/index.php\/wp-json\/wp\/v2\/tags?post=4052"}],"curies":[{"name":"wp","href":"https:\/\/api.w.org\/{rel}","templated":true}]}}