{"id":40516,"date":"2021-12-04T14:57:25","date_gmt":"2021-12-04T17:57:25","guid":{"rendered":"http:\/\/www.centraldenoticias.com.ar\/?p=40516"},"modified":"2021-12-04T16:36:58","modified_gmt":"2021-12-04T19:36:58","slug":"robo-un-auto-lo-choco-y-quiso-escapar-fue-aprehendido","status":"publish","type":"post","link":"https:\/\/cdnoticias.com\/index.php\/2021\/12\/04\/robo-un-auto-lo-choco-y-quiso-escapar-fue-aprehendido\/","title":{"rendered":"Rob\u00f3 un auto, lo choc\u00f3 y quiso escapar: fue aprehendido"},"content":{"rendered":"<p>El hecho se registr\u00f3 en la madrugada de este s\u00e1bado. El auto fue robado en San Vicente y choc\u00f3 en Bol\u00edvar y Brown.\u00a0<!--more--><\/p>\n<hr \/>\n<p>En la madrugada de este s\u00e1bado<strong>, un hombre fue aprehendido tras robar un auto en barrio San Vicente, escapar por avenida Del Valle y chocar violentamente en Brown y Bol\u00edvar. Al querer escapar, fue apresado.<\/strong><\/p>\n<p>&nbsp;<\/p>\n<p>Seg\u00fan se logr\u00f3 saber, el presunto ladr\u00f3n rob\u00f3 un auto Ford en Pelegrino entre Pringles y 9 de Julio e intent\u00f3 huir por Del Valle en direcci\u00f3n a Brown.<strong> Por las c\u00e1maras de seguridad, en paralelo, se observ\u00f3<em> \u201cun veh\u00edculo realizando maniobras peligrosas a alta velocidad\u201d<\/em><\/strong> y se dio aviso a personal de Comando de Patrullas para tratar de interceptarlo.<\/p>\n<p>&nbsp;<\/p>\n<blockquote><p>El auto continu\u00f3 su marcha por Brown y al intentar doblar por Bol\u00edvar, impact\u00f3 contra un galp\u00f3n ubicado en esa zona.<\/p><\/blockquote>\n<p>&nbsp;<\/p>\n<p><img data-recalc-dims=\"1\" loading=\"lazy\" decoding=\"async\" class=\"alignnone size-full wp-image-40517\" src=\"https:\/\/i0.wp.com\/cdnoticias.com\/wp-content\/uploads\/2021\/12\/WhatsApp-Image-2021-12-04-at-12.32.23-1.jpeg?resize=800%2C558&#038;ssl=1\" alt=\"\" width=\"800\" height=\"558\" srcset=\"https:\/\/i0.wp.com\/cdnoticias.com\/wp-content\/uploads\/2021\/12\/WhatsApp-Image-2021-12-04-at-12.32.23-1.jpeg?w=898&amp;ssl=1 898w, https:\/\/i0.wp.com\/cdnoticias.com\/wp-content\/uploads\/2021\/12\/WhatsApp-Image-2021-12-04-at-12.32.23-1.jpeg?resize=300%2C209&amp;ssl=1 300w, https:\/\/i0.wp.com\/cdnoticias.com\/wp-content\/uploads\/2021\/12\/WhatsApp-Image-2021-12-04-at-12.32.23-1.jpeg?resize=768%2C535&amp;ssl=1 768w, https:\/\/i0.wp.com\/cdnoticias.com\/wp-content\/uploads\/2021\/12\/WhatsApp-Image-2021-12-04-at-12.32.23-1.jpeg?resize=392%2C272&amp;ssl=1 392w, https:\/\/i0.wp.com\/cdnoticias.com\/wp-content\/uploads\/2021\/12\/WhatsApp-Image-2021-12-04-at-12.32.23-1.jpeg?resize=130%2C90&amp;ssl=1 130w\" sizes=\"auto, (max-width: 800px) 100vw, 800px\" \/><\/p>\n<p>&nbsp;<\/p>\n<p>El hombre intent\u00f3 hu\u00edr a pie por Bol\u00edvar hacia Del Valle pero<strong> a los pocos metros fue interceptado y apresado por personal de Tr\u00e1nsito.<\/strong><\/p>\n<p>&nbsp;<\/p>\n<p>Tras corroborar el hecho, <strong>el titular del auto realiz\u00f3 la denuncia por el robo del veh\u00edculo y el ladr\u00f3n fue trasladado a la Comisar\u00eda Primera para quedar a disposici\u00f3n del magistrado en turno.<\/strong><\/p>\n","protected":false},"excerpt":{"rendered":"<p>El hecho se registr\u00f3 en la madrugada de este s\u00e1bado. El auto fue robado en San Vicente y choc\u00f3 en<\/p>\n","protected":false},"author":2,"featured_media":40518,"comment_status":"closed","ping_status":"closed","sticky":false,"template":"","format":"standard","meta":{"_jetpack_memberships_contains_paid_content":false,"footnotes":""},"categories":[14,1],"tags":[],"class_list":["post-40516","post","type-post","status-publish","format-standard","has-post-thumbnail","hentry","category-policiales","category-portada"],"jetpack_featured_media_url":"https:\/\/i0.wp.com\/cdnoticias.com\/wp-content\/uploads\/2021\/12\/WhatsApp-Image-2021-12-04-at-12.32.23.jpeg?fit=1599%2C899&ssl=1","jetpack_sharing_enabled":true,"_links":{"self":[{"href":"https:\/\/cdnoticias.com\/index.php\/wp-json\/wp\/v2\/posts\/40516","targetHints":{"allow":["GET"]}}],"collection":[{"href":"https:\/\/cdnoticias.com\/index.php\/wp-json\/wp\/v2\/posts"}],"about":[{"href":"https:\/\/cdnoticias.com\/index.php\/wp-json\/wp\/v2\/types\/post"}],"author":[{"embeddable":true,"href":"https:\/\/cdnoticias.com\/index.php\/wp-json\/wp\/v2\/users\/2"}],"replies":[{"embeddable":true,"href":"https:\/\/cdnoticias.com\/index.php\/wp-json\/wp\/v2\/comments?post=40516"}],"version-history":[{"count":0,"href":"https:\/\/cdnoticias.com\/index.php\/wp-json\/wp\/v2\/posts\/40516\/revisions"}],"wp:featuredmedia":[{"embeddable":true,"href":"https:\/\/cdnoticias.com\/index.php\/wp-json\/wp\/v2\/media\/40518"}],"wp:attachment":[{"href":"https:\/\/cdnoticias.com\/index.php\/wp-json\/wp\/v2\/media?parent=40516"}],"wp:term":[{"taxonomy":"category","embeddable":true,"href":"https:\/\/cdnoticias.com\/index.php\/wp-json\/wp\/v2\/categories?post=40516"},{"taxonomy":"post_tag","embeddable":true,"href":"https:\/\/cdnoticias.com\/index.php\/wp-json\/wp\/v2\/tags?post=40516"}],"curies":[{"name":"wp","href":"https:\/\/api.w.org\/{rel}","templated":true}]}}