{"id":40509,"date":"2021-12-04T11:46:33","date_gmt":"2021-12-04T14:46:33","guid":{"rendered":"http:\/\/www.centraldenoticias.com.ar\/?p=40509"},"modified":"2021-12-04T11:46:33","modified_gmt":"2021-12-04T14:46:33","slug":"la-abogacia-reclama-por-una-justicia-del-trabajo-mas-eficiente-y-proactiva","status":"publish","type":"post","link":"https:\/\/cdnoticias.com\/index.php\/2021\/12\/04\/la-abogacia-reclama-por-una-justicia-del-trabajo-mas-eficiente-y-proactiva\/","title":{"rendered":"\u201cLa Abogac\u00eda reclama por una Justicia del Trabajo m\u00e1s eficiente y proactiva\u201d"},"content":{"rendered":"<p>As\u00ed se manifest\u00f3 Gast\u00f3n Argeri, presidente del Colegio de Abogados del Departamento Judicial de Azul, en una reuni\u00f3n con Daniel Soria, ministro de la Suprema Corte.\u00a0<!--more--><\/p>\n<hr \/>\n<p>Este \u00faltimo jueves, en la sede del<strong> Colegio de Abogados del Departamento Judicial de Azul, integrantes de la instituci\u00f3n, encabezados por el doctor Gast\u00f3n Argeri, se reunieron con Daniel Soria, ministro de la Suprema Corte de Justicia de la provincia de Buenos Aires.<\/strong> All\u00ed, destacaron que <em>\u201cla abogac\u00eda reclama por una Justicia del Trabajo m\u00e1s eficiente y proactiva\u201d.<\/em><\/p>\n<p>&nbsp;<\/p>\n<p>Soria se encuentra de recorrida por departamentos judiciales para<strong> capacitar, promover y escuchar a los profesionales que integran el servicio de Justicia.<\/strong> Ha estado en la anterior presidencia del M\u00e1ximo Tribunal provincial, <em>\u201cimpulsando los grandes cambios junto a sus colegas, sobre el expediente digital; escuchando a todos los sectores competentes, entre ellos a la Abogac\u00eda, con el fin de contar con la visi\u00f3n y opini\u00f3n de aquellos profesionales que ejercen la profesi\u00f3n de forma liberal\u201d<\/em> indicaron en un comunicado.<\/p>\n<p>&nbsp;<\/p>\n<p><img data-recalc-dims=\"1\" loading=\"lazy\" decoding=\"async\" class=\"alignnone size-large wp-image-40511\" src=\"https:\/\/i0.wp.com\/cdnoticias.com\/wp-content\/uploads\/2021\/12\/visita-soria-1.jpg?resize=800%2C534&#038;ssl=1\" alt=\"\" width=\"800\" height=\"534\" srcset=\"https:\/\/i0.wp.com\/cdnoticias.com\/wp-content\/uploads\/2021\/12\/visita-soria-1.jpg?resize=1024%2C683&amp;ssl=1 1024w, https:\/\/i0.wp.com\/cdnoticias.com\/wp-content\/uploads\/2021\/12\/visita-soria-1.jpg?resize=300%2C200&amp;ssl=1 300w, https:\/\/i0.wp.com\/cdnoticias.com\/wp-content\/uploads\/2021\/12\/visita-soria-1.jpg?resize=768%2C512&amp;ssl=1 768w, https:\/\/i0.wp.com\/cdnoticias.com\/wp-content\/uploads\/2021\/12\/visita-soria-1.jpg?resize=272%2C182&amp;ssl=1 272w, https:\/\/i0.wp.com\/cdnoticias.com\/wp-content\/uploads\/2021\/12\/visita-soria-1.jpg?w=1200&amp;ssl=1 1200w\" sizes=\"auto, (max-width: 800px) 100vw, 800px\" \/><\/p>\n<p>&nbsp;<\/p>\n<p>Durante la reuni\u00f3n, de la que tambi\u00e9n participaron integrantes del Consejo Directivo del Colegio de Abogados Departamental, se abordaron cuestiones claves referidas al<strong> servicio de justicia en el territorio, entre ellas el funcionamiento del sistema de presentaciones y notificaciones electr\u00f3nicas y todos los cambios que se han registrado en el expediente digital analizando, en particular, la implementaci\u00f3n de las acordadas 4013, 4039 y 4040 de la SCBA.<\/strong><\/p>\n<p>&nbsp;<\/p>\n<p>Uno de las principales demandas que se plante\u00f3 al Ministro fue <strong><em>\u201cla necesidad de acelerar la cobertura de vacantes en todos los \u00f3rganos judiciales del Departamento Judicial como as\u00ed tambi\u00e9n garantizar la restauraci\u00f3n del eficaz funcionamiento del fuero laboral, dado que hoy resulta muy alejado de ser eficiente\u201d.<\/em><\/strong><\/p>\n<p>&nbsp;<\/p>\n<p><em>\u201cHay una crisis estructural en la Justicia del Trabajo y, trat\u00e1ndose de un fuero que litiga directamente sobre una necesidad b\u00e1sica como es el trabajo, el panorama se vuelve m\u00e1s complejo. Hay que restaurar la confianza en la gente, ofrecerle respuestas en un plazo razonable\u201d <\/em>explicaron. <strong><em>\u201cEs sumamente preocupante que, en virtud de la demora que se est\u00e1 registrando en el desarrollo de los tr\u00e1mites y de los dictados de sentencias \u2013profundizado por la pandemia- los procesos laborales tengan una extensi\u00f3n de muchos a\u00f1os\u201d<\/em><\/strong> agregaron.<\/p>\n<p>&nbsp;<\/p>\n<p><img data-recalc-dims=\"1\" loading=\"lazy\" decoding=\"async\" class=\"alignnone size-large wp-image-40510\" src=\"https:\/\/i0.wp.com\/cdnoticias.com\/wp-content\/uploads\/2021\/12\/visita-soria.jpg?resize=800%2C534&#038;ssl=1\" alt=\"\" width=\"800\" height=\"534\" srcset=\"https:\/\/i0.wp.com\/cdnoticias.com\/wp-content\/uploads\/2021\/12\/visita-soria.jpg?resize=1024%2C683&amp;ssl=1 1024w, https:\/\/i0.wp.com\/cdnoticias.com\/wp-content\/uploads\/2021\/12\/visita-soria.jpg?resize=300%2C200&amp;ssl=1 300w, https:\/\/i0.wp.com\/cdnoticias.com\/wp-content\/uploads\/2021\/12\/visita-soria.jpg?resize=768%2C512&amp;ssl=1 768w, https:\/\/i0.wp.com\/cdnoticias.com\/wp-content\/uploads\/2021\/12\/visita-soria.jpg?resize=272%2C182&amp;ssl=1 272w, https:\/\/i0.wp.com\/cdnoticias.com\/wp-content\/uploads\/2021\/12\/visita-soria.jpg?w=1200&amp;ssl=1 1200w\" sizes=\"auto, (max-width: 800px) 100vw, 800px\" \/><\/p>\n<p>&nbsp;<\/p>\n<blockquote><p>\u201cLa demora sist\u00e9mica de estos procesos afecta directamente a cientos de ciudadanos y ciudadanas que deben esperar plazos ins\u00f3litos para la resoluci\u00f3n de sus litigios, resintiendo la confianza hacia el Poder Judicial y todos sus operadores\u201d, explic\u00f3 el Presidente del Colegio de Abogados Departamental.<\/p><\/blockquote>\n<p>&nbsp;<\/p>\n<p>Argeri tambi\u00e9n se\u00f1al\u00f3 la dilaci\u00f3n de los plazos a la hora de fijar audiencias: <strong><em>\u201cmuchas han sido fijadas casi en 2023 porque algunos Tribunales no quieren fijar audiencias los lunes y viernes, lo que debilita el funcionamiento integral del fuero que, por otra parte, est\u00e1 pr\u00e1cticamente paralizado&#8221;.<\/em><\/strong><\/p>\n<p>&nbsp;<\/p>\n<p><em>&#8220;Necesitamos articular una soluci\u00f3n a corto plazo para recuperar la confianza en los canales institucionales y sobre todo en el eficiente servicio de justicia\u201d<\/em>, concluy\u00f3.<\/p>\n","protected":false},"excerpt":{"rendered":"<p>As\u00ed se manifest\u00f3 Gast\u00f3n Argeri, presidente del Colegio de Abogados del Departamento Judicial de Azul, en una reuni\u00f3n con Daniel<\/p>\n","protected":false},"author":2,"featured_media":40512,"comment_status":"closed","ping_status":"closed","sticky":false,"template":"","format":"standard","meta":{"_jetpack_memberships_contains_paid_content":false,"footnotes":""},"categories":[5,1],"tags":[],"class_list":["post-40509","post","type-post","status-publish","format-standard","has-post-thumbnail","hentry","category-informacion-general","category-portada"],"jetpack_featured_media_url":"https:\/\/i0.wp.com\/cdnoticias.com\/wp-content\/uploads\/2021\/12\/visita-soria-2.jpg?fit=1200%2C800&ssl=1","jetpack_sharing_enabled":true,"_links":{"self":[{"href":"https:\/\/cdnoticias.com\/index.php\/wp-json\/wp\/v2\/posts\/40509","targetHints":{"allow":["GET"]}}],"collection":[{"href":"https:\/\/cdnoticias.com\/index.php\/wp-json\/wp\/v2\/posts"}],"about":[{"href":"https:\/\/cdnoticias.com\/index.php\/wp-json\/wp\/v2\/types\/post"}],"author":[{"embeddable":true,"href":"https:\/\/cdnoticias.com\/index.php\/wp-json\/wp\/v2\/users\/2"}],"replies":[{"embeddable":true,"href":"https:\/\/cdnoticias.com\/index.php\/wp-json\/wp\/v2\/comments?post=40509"}],"version-history":[{"count":0,"href":"https:\/\/cdnoticias.com\/index.php\/wp-json\/wp\/v2\/posts\/40509\/revisions"}],"wp:featuredmedia":[{"embeddable":true,"href":"https:\/\/cdnoticias.com\/index.php\/wp-json\/wp\/v2\/media\/40512"}],"wp:attachment":[{"href":"https:\/\/cdnoticias.com\/index.php\/wp-json\/wp\/v2\/media?parent=40509"}],"wp:term":[{"taxonomy":"category","embeddable":true,"href":"https:\/\/cdnoticias.com\/index.php\/wp-json\/wp\/v2\/categories?post=40509"},{"taxonomy":"post_tag","embeddable":true,"href":"https:\/\/cdnoticias.com\/index.php\/wp-json\/wp\/v2\/tags?post=40509"}],"curies":[{"name":"wp","href":"https:\/\/api.w.org\/{rel}","templated":true}]}}