{"id":40470,"date":"2021-12-03T17:47:00","date_gmt":"2021-12-03T20:47:00","guid":{"rendered":"http:\/\/www.centraldenoticias.com.ar\/?p=40470"},"modified":"2021-12-03T21:10:46","modified_gmt":"2021-12-04T00:10:46","slug":"si-tenemos-que-pagar-20-000-millones-el-ano-que-viene-hay-que-vender-todo","status":"publish","type":"post","link":"https:\/\/cdnoticias.com\/index.php\/2021\/12\/03\/si-tenemos-que-pagar-20-000-millones-el-ano-que-viene-hay-que-vender-todo\/","title":{"rendered":"\u201cSi tenemos que pagar 20.000 millones el a\u00f1o que viene hay que vender todo\u201d"},"content":{"rendered":"<p>El gobernador Axel Kicillof fue parte de la inauguraci\u00f3n de L\u00b4Amali II y habl\u00f3 sobre la deuda con el FMI. &#8220;El Fondo Monetario Internacional tiene que entender que meti\u00f3 la pata&#8221;, enfatiz\u00f3.<!--more--><\/p>\n<hr \/>\n<p><strong>\u201cEstoy impresionado\u201d<\/strong>. De esa manera el gobernador de la provincia de Buenos Aires, Axel Kicillof, inici\u00f3 la rueda de prensa dejando ver su asombro ante la magnitud de la obra que permiti\u00f3 la <a href=\"https:\/\/cdnoticias.com\/index.php\/2021\/12\/03\/se-inauguro-lamali-ii-nuestro-proposito-es-cambiar-la-vida-de-las-personas\/\" target=\"_blank\" rel=\"noopener\">inauguraci\u00f3n de la segunda l\u00ednea de la planta de L\u00b4Amal\u00ed II de Loma Negra<\/a>.<\/p>\n<p>&nbsp;<\/p>\n<p>\u201cEs una inversi\u00f3n de 350 millones de d\u00f3lares en la provincia, en la Olavarr\u00eda, es una apuesta muy grande de una empresa transnacional a nuestro pa\u00eds, y<strong> creo que estamos honr\u00e1ndolo porque este bimestre la producci\u00f3n de cemento fue r\u00e9cord en 10 a\u00f1os<\/strong>\u201d, agreg\u00f3\u00a0 el mandatario bonaerense ante los medios presentes.<\/p>\n<p>&nbsp;<\/p>\n<p><img data-recalc-dims=\"1\" loading=\"lazy\" decoding=\"async\" class=\"alignnone size-full wp-image-40451\" src=\"https:\/\/i0.wp.com\/cdnoticias.com\/wp-content\/uploads\/2021\/12\/Kicillof-Faifman-Ferraresi-Loma-Negra.jpg?resize=800%2C445&#038;ssl=1\" alt=\"\" width=\"800\" height=\"445\" srcset=\"https:\/\/i0.wp.com\/cdnoticias.com\/wp-content\/uploads\/2021\/12\/Kicillof-Faifman-Ferraresi-Loma-Negra.jpg?w=800&amp;ssl=1 800w, https:\/\/i0.wp.com\/cdnoticias.com\/wp-content\/uploads\/2021\/12\/Kicillof-Faifman-Ferraresi-Loma-Negra.jpg?resize=300%2C167&amp;ssl=1 300w, https:\/\/i0.wp.com\/cdnoticias.com\/wp-content\/uploads\/2021\/12\/Kicillof-Faifman-Ferraresi-Loma-Negra.jpg?resize=768%2C427&amp;ssl=1 768w\" sizes=\"auto, (max-width: 800px) 100vw, 800px\" \/><\/p>\n<p>&nbsp;<\/p>\n<p>Fue all\u00ed tambi\u00e9n que puso el acento en la \u201cbater\u00eda\u201d de medidas dispuestas tanto desde el Ejecutivo Nacional como de la Provincia y el Municipio para avanzar en la recuperaci\u00f3n post pandemia. \u201c<strong>Todo lo que estamos construyendo en buena medida sale de plantas como estas. \u00c9sta es la planta hoy m\u00e1s grande de Latinoam\u00e9rica<\/strong>, me mostraron un molino que hay solo dos en el mundo de este tama\u00f1o, el m\u00e1s grande del mundo junto con Pakist\u00e1n. O sea que son instalaciones realmente de envergadura mundial que sirven para <strong>producir algo que despu\u00e9s tambi\u00e9n genera trabajo, y trabajo que genera trabajo, porque cada bolsa de cemento que sale de ac\u00e1, cada vez que sale con el tren, el cemento a granel despu\u00e9s de eso involucra actividad econ\u00f3mica en toda la provincia de Buenos Aires, fundamentalmente porque somos este el basti\u00f3n productivo del Pa\u00eds, pero tambi\u00e9n en toda la Rep\u00fablica Argentina<\/strong>\u201d, agreg\u00f3.<\/p>\n<p>&nbsp;<\/p>\n<p>\u201cEs important\u00edsima esta inauguraci\u00f3n, es important\u00edsimo que la empresa haya confiado en la perspectiva que hay en adelante, y nosotros con una misi\u00f3n ahora que es usar todo el cemento que se puede producir ac\u00e1, son yacimientos que le dan vida a la ciudad, a las regiones de la provincia\u201d, continu\u00f3. <strong>\u201cCada bolsa de cemento que uno ve, cada vez que ves funcionar esto, estas instalaciones, los dep\u00f3sitos, no se alegra por la actividad econ\u00f3mica, pero tambi\u00e9n veo un aula en una escuela, tambi\u00e9n veo una nueva ruta, tambi\u00e9n un hospital. Bueno, todo lo que significa e involucra este material\u201d<\/strong>, complet\u00f3.<\/p>\n<p>&nbsp;<\/p>\n<p><em><strong>La deuda con el FMI<\/strong><\/em><\/p>\n<p>&nbsp;<\/p>\n<p>Pr\u00e1cticamente hasta all\u00ed se extendi\u00f3 lo referido a la flamante obra en Loma Negra, ya que las preguntas y respuestas viraron hacia un tema clave, como lo es la deuda con el Fondo Monetario Internacional, con su correlato directo en todo lo que es inversiones y obras. \u201cPrimero, para empezar,<strong> 44.000 millones de d\u00f3lares al Fondo Monetario Internacional, miren las magnitudes que estamos viendo, uno camina y se cae de espalda. Esta instalaci\u00f3n sali\u00f3 350 millones de d\u00f3lares, 100 veces m\u00e1s, 150 veces m\u00e1s es lo que le tomamos al fondo, se podr\u00edan haber hecho 150 plantas como esta<\/strong>\u201d, enfatiz\u00f3.<\/p>\n<p>&nbsp;<\/p>\n<p>Inclusive avanz\u00f3 en la cuesti\u00f3n y hasta traz\u00f3 una analog\u00eda con el sector al plantear que hoy el pa\u00eds tiene \u201cuna bolsa de cemento en la espalda, una carga muy grande, muy pesada\u201d. No obstante ello, enfatiz\u00f3 que <strong>hay que \u201cbuscarle una soluci\u00f3n que no nos comprometa m\u00e1s en el futuro, ya el da\u00f1o est\u00e1 hecho\u201d.<\/strong><\/p>\n<p>&nbsp;<\/p>\n<p><img data-recalc-dims=\"1\" loading=\"lazy\" decoding=\"async\" class=\"alignnone size-full wp-image-40453\" src=\"https:\/\/i0.wp.com\/cdnoticias.com\/wp-content\/uploads\/2021\/12\/Kicillof-Valicenti01.jpg?resize=800%2C445&#038;ssl=1\" alt=\"\" width=\"800\" height=\"445\" srcset=\"https:\/\/i0.wp.com\/cdnoticias.com\/wp-content\/uploads\/2021\/12\/Kicillof-Valicenti01.jpg?w=800&amp;ssl=1 800w, https:\/\/i0.wp.com\/cdnoticias.com\/wp-content\/uploads\/2021\/12\/Kicillof-Valicenti01.jpg?resize=300%2C167&amp;ssl=1 300w, https:\/\/i0.wp.com\/cdnoticias.com\/wp-content\/uploads\/2021\/12\/Kicillof-Valicenti01.jpg?resize=768%2C427&amp;ssl=1 768w\" sizes=\"auto, (max-width: 800px) 100vw, 800px\" \/><\/p>\n<p>&nbsp;<\/p>\n<p><strong>\u201cEs muy importante lo que comentaba Cristina el otro d\u00eda en su carta, que debemos toda la diligencia pol\u00edtica la Argentina asumir lo que ocurri\u00f3 y buscarle una soluci\u00f3n para adelante. Nadie hoy se puede lavar las mano<\/strong>s, y nosotros porque tenemos la responsabilidad de gobierno. No se puede decir \u2018bueno que le pague Dios\u2019, no es as\u00ed, entonces hay que buscarle una soluci\u00f3n que no compromete el futuro y bienestar\u201d, insisti\u00f3.<\/p>\n<p>&nbsp;<\/p>\n<p>Asimismo, tambi\u00e9n vincul\u00f3 la negociaci\u00f3n con el FMI cuando las consultas avanzaron sobre las obras pensadas para Olavarr\u00eda. Habl\u00f3 sobre lo proyectado para la Ruta 51 e inclusive el Polo Judicial, pero enfatiz\u00f3 que <strong>\u201cvenimos de 6 a\u00f1os de crisis acumulada. Necesitamos seis a\u00f1os de recuperaci\u00f3n y eso tiene que tener una planificaci\u00f3n\u201d<\/strong>.<\/p>\n<p>&nbsp;<\/p>\n<p><img data-recalc-dims=\"1\" loading=\"lazy\" decoding=\"async\" class=\"alignnone size-large wp-image-40439\" src=\"https:\/\/i0.wp.com\/cdnoticias.com\/wp-content\/uploads\/2021\/12\/inauguracion06.jpg?resize=800%2C534&#038;ssl=1\" alt=\"\" width=\"800\" height=\"534\" srcset=\"https:\/\/i0.wp.com\/cdnoticias.com\/wp-content\/uploads\/2021\/12\/inauguracion06.jpg?resize=1024%2C683&amp;ssl=1 1024w, https:\/\/i0.wp.com\/cdnoticias.com\/wp-content\/uploads\/2021\/12\/inauguracion06.jpg?resize=300%2C200&amp;ssl=1 300w, https:\/\/i0.wp.com\/cdnoticias.com\/wp-content\/uploads\/2021\/12\/inauguracion06.jpg?resize=768%2C512&amp;ssl=1 768w, https:\/\/i0.wp.com\/cdnoticias.com\/wp-content\/uploads\/2021\/12\/inauguracion06.jpg?resize=272%2C182&amp;ssl=1 272w, https:\/\/i0.wp.com\/cdnoticias.com\/wp-content\/uploads\/2021\/12\/inauguracion06.jpg?w=1500&amp;ssl=1 1500w\" sizes=\"auto, (max-width: 800px) 100vw, 800px\" \/><\/p>\n<p>&nbsp;<\/p>\n<p>\u201cCreo que se inicia una etapa, despejado primero el nubarr\u00f3n de la deuda con los privados, ahora en la Provincia tambi\u00e9n el endeudamiento tan fuerte y los vencimientos es grande. F\u00edjense esto del Fondo Monetario, hay algo firmado, no es que no hay hoy una regla el arreglo, es pagar 19.000 millones de d\u00f3lares, el a\u00f1o que viene tenemos 41.000 millones de d\u00f3lares de reserva, <strong>es absolutamente impagable lo que qued\u00f3 y esto hay que redimensionarlo sin comprometer el futuro de todos nosotros. Creo que el Fondo Monetario Internacional tiene que entender que meti\u00f3 la pata, que acompa\u00f1e un proceso sostenible<\/strong>\u201d, continu\u00f3.<\/p>\n<p>&nbsp;<\/p>\n<p>\u201cNosotros ahora le tenemos que dar sostenibilidad, es lo que siempre plantea el ministro Guzm\u00e1n, hay que darle sostenibilidad y en eso esperamos sin agresi\u00f3n, con los datos, pero poder hablarlo tambi\u00e9n con la oposici\u00f3n porque obviamente son planes que va a haber que afrontar a largo plazo.<strong> Esperemos que esto se puede estirar lo m\u00e1s posible, porque si no todo lo que ustedes me preguntan de qu\u00e9 va a pasar en la Olavarr\u00eda\u2026 si tenemos que pagar 20.000 millones el a\u00f1o que viene, hay que vender todo, o sea que es imposible\u201d, finaliz\u00f3.<\/strong><\/p>\n","protected":false},"excerpt":{"rendered":"<p>El gobernador Axel Kicillof fue parte de la inauguraci\u00f3n de L\u00b4Amali II y habl\u00f3 sobre la deuda con el FMI.<\/p>\n","protected":false},"author":4,"featured_media":40454,"comment_status":"closed","ping_status":"closed","sticky":false,"template":"","format":"standard","meta":{"_jetpack_memberships_contains_paid_content":false,"footnotes":""},"categories":[5,1],"tags":[],"class_list":["post-40470","post","type-post","status-publish","format-standard","has-post-thumbnail","hentry","category-informacion-general","category-portada"],"jetpack_featured_media_url":"https:\/\/i0.wp.com\/cdnoticias.com\/wp-content\/uploads\/2021\/12\/Kicillof.jpg?fit=800%2C445&ssl=1","jetpack_sharing_enabled":true,"_links":{"self":[{"href":"https:\/\/cdnoticias.com\/index.php\/wp-json\/wp\/v2\/posts\/40470","targetHints":{"allow":["GET"]}}],"collection":[{"href":"https:\/\/cdnoticias.com\/index.php\/wp-json\/wp\/v2\/posts"}],"about":[{"href":"https:\/\/cdnoticias.com\/index.php\/wp-json\/wp\/v2\/types\/post"}],"author":[{"embeddable":true,"href":"https:\/\/cdnoticias.com\/index.php\/wp-json\/wp\/v2\/users\/4"}],"replies":[{"embeddable":true,"href":"https:\/\/cdnoticias.com\/index.php\/wp-json\/wp\/v2\/comments?post=40470"}],"version-history":[{"count":0,"href":"https:\/\/cdnoticias.com\/index.php\/wp-json\/wp\/v2\/posts\/40470\/revisions"}],"wp:featuredmedia":[{"embeddable":true,"href":"https:\/\/cdnoticias.com\/index.php\/wp-json\/wp\/v2\/media\/40454"}],"wp:attachment":[{"href":"https:\/\/cdnoticias.com\/index.php\/wp-json\/wp\/v2\/media?parent=40470"}],"wp:term":[{"taxonomy":"category","embeddable":true,"href":"https:\/\/cdnoticias.com\/index.php\/wp-json\/wp\/v2\/categories?post=40470"},{"taxonomy":"post_tag","embeddable":true,"href":"https:\/\/cdnoticias.com\/index.php\/wp-json\/wp\/v2\/tags?post=40470"}],"curies":[{"name":"wp","href":"https:\/\/api.w.org\/{rel}","templated":true}]}}