{"id":40444,"date":"2021-12-03T15:47:44","date_gmt":"2021-12-03T18:47:44","guid":{"rendered":"http:\/\/www.centraldenoticias.com.ar\/?p=40444"},"modified":"2021-12-03T16:18:01","modified_gmt":"2021-12-03T19:18:01","slug":"segui-en-vivo-la-palabra-de-alberto-fernandez-en-la-inauguracion-de-lamali-ii","status":"publish","type":"post","link":"https:\/\/cdnoticias.com\/index.php\/2021\/12\/03\/segui-en-vivo-la-palabra-de-alberto-fernandez-en-la-inauguracion-de-lamali-ii\/","title":{"rendered":"Segu\u00ed en vivo la palabra de Alberto Fern\u00e1ndez en la inauguraci\u00f3n de L\u00b4Amali II"},"content":{"rendered":"<p>El presidente de la Naci\u00f3n tambi\u00e9n es parte del evento que se desarrolla en Loma Negra.\u00a0<!--more--><\/p>\n<hr \/>\n<p>En la jornada de este viernes <a href=\"https:\/\/cdnoticias.com\/index.php\/2021\/12\/03\/se-inauguro-lamali-ii-nuestro-proposito-es-cambiar-la-vida-de-las-personas\/\" target=\"_blank\" rel=\"noopener\">se inaugur\u00f3 oficialmente la segunda l\u00ednea de L\u00b4Amal\u00ed II<\/a>, en <strong>un evento de caracter\u00edsticas hist\u00f3ricas para nuestra ciudad y el pa\u00eds teniendo en cuenta lo que significa en materia de producci\u00f3n y empleo para toda la Argentina<\/strong>.<\/p>\n<p>&nbsp;<\/p>\n<p><img data-recalc-dims=\"1\" loading=\"lazy\" decoding=\"async\" class=\"alignnone size-large wp-image-40439\" src=\"https:\/\/i0.wp.com\/cdnoticias.com\/wp-content\/uploads\/2021\/12\/inauguracion06.jpg?resize=800%2C534&#038;ssl=1\" alt=\"\" width=\"800\" height=\"534\" srcset=\"https:\/\/i0.wp.com\/cdnoticias.com\/wp-content\/uploads\/2021\/12\/inauguracion06.jpg?resize=1024%2C683&amp;ssl=1 1024w, https:\/\/i0.wp.com\/cdnoticias.com\/wp-content\/uploads\/2021\/12\/inauguracion06.jpg?resize=300%2C200&amp;ssl=1 300w, https:\/\/i0.wp.com\/cdnoticias.com\/wp-content\/uploads\/2021\/12\/inauguracion06.jpg?resize=768%2C512&amp;ssl=1 768w, https:\/\/i0.wp.com\/cdnoticias.com\/wp-content\/uploads\/2021\/12\/inauguracion06.jpg?resize=272%2C182&amp;ssl=1 272w, https:\/\/i0.wp.com\/cdnoticias.com\/wp-content\/uploads\/2021\/12\/inauguracion06.jpg?w=1500&amp;ssl=1 1500w\" sizes=\"auto, (max-width: 800px) 100vw, 800px\" \/><\/p>\n<p>&nbsp;<\/p>\n<p><strong>Es por ello que el evento cont\u00f3 con la presencia de referentes nacionales, provinciales y locales<\/strong>. Entre ellos pudo verse al gobernador de la provincia de Buenos Aires, Axel Kicillof;<a href=\"https:\/\/cdnoticias.com\/index.php\/2021\/12\/03\/ezequiel-galli-en-lamali-es-un-dia-historico-para-olavarria\/\" target=\"_blank\" rel=\"noopener\"> el intendente de Olavarr\u00eda, Ezequiel Galli<\/a>; el Ministro de Desarrollo Territorial y H\u00e1bitat de la Naci\u00f3n, Jorge Ferraresi; el subsecretario de Miner\u00eda bonaerense, Federico Aguilera; <a href=\"https:\/\/cdnoticias.com\/index.php\/2021\/12\/03\/sergio-faifman-estamos-volviendo-a-los-niveles-de-produccion-de-2018\/\" target=\"_blank\" rel=\"noopener\">el CEO de la compa\u00f1\u00eda, Sergio Faifman<\/a>, ademas de legisladores, funcionarios, empresarios y p\u00fablico en general.<\/p>\n<p>&nbsp;<\/p>\n<p>Quien tambi\u00e9n ser\u00e1 parte del acto es el presidente de la Naci\u00f3n, Alberto Fern\u00e1ndez, quien dirigir\u00e1 unas palabras v\u00eda streaming. <strong>Segu\u00ed en vivo la palabra del m\u00e1ximo mandatario nacional.<\/strong><\/p>\n<p>&nbsp;<\/p>\n<div class=\"jetpack-video-wrapper\"><iframe loading=\"lazy\" width=\"800\" height=\"450\" src=\"https:\/\/www.youtube.com\/embed\/EawuFx5qEU8?feature=oembed\" frameborder=\"0\" allow=\"accelerometer; autoplay; clipboard-write; encrypted-media; gyroscope; picture-in-picture\" allowfullscreen><\/iframe><\/div>\n<p>&nbsp;<\/p>\n<p>&nbsp;<\/p>\n","protected":false},"excerpt":{"rendered":"<p>El presidente de la Naci\u00f3n tambi\u00e9n es parte del evento que se desarrolla en Loma Negra.\u00a0<\/p>\n","protected":false},"author":4,"featured_media":40413,"comment_status":"closed","ping_status":"closed","sticky":false,"template":"","format":"standard","meta":{"_jetpack_memberships_contains_paid_content":false,"footnotes":""},"categories":[5],"tags":[],"class_list":["post-40444","post","type-post","status-publish","format-standard","has-post-thumbnail","hentry","category-informacion-general"],"jetpack_featured_media_url":"https:\/\/i0.wp.com\/cdnoticias.com\/wp-content\/uploads\/2021\/12\/07-faifman-loma-negra.jpg?fit=1152%2C640&ssl=1","jetpack_sharing_enabled":true,"_links":{"self":[{"href":"https:\/\/cdnoticias.com\/index.php\/wp-json\/wp\/v2\/posts\/40444","targetHints":{"allow":["GET"]}}],"collection":[{"href":"https:\/\/cdnoticias.com\/index.php\/wp-json\/wp\/v2\/posts"}],"about":[{"href":"https:\/\/cdnoticias.com\/index.php\/wp-json\/wp\/v2\/types\/post"}],"author":[{"embeddable":true,"href":"https:\/\/cdnoticias.com\/index.php\/wp-json\/wp\/v2\/users\/4"}],"replies":[{"embeddable":true,"href":"https:\/\/cdnoticias.com\/index.php\/wp-json\/wp\/v2\/comments?post=40444"}],"version-history":[{"count":0,"href":"https:\/\/cdnoticias.com\/index.php\/wp-json\/wp\/v2\/posts\/40444\/revisions"}],"wp:featuredmedia":[{"embeddable":true,"href":"https:\/\/cdnoticias.com\/index.php\/wp-json\/wp\/v2\/media\/40413"}],"wp:attachment":[{"href":"https:\/\/cdnoticias.com\/index.php\/wp-json\/wp\/v2\/media?parent=40444"}],"wp:term":[{"taxonomy":"category","embeddable":true,"href":"https:\/\/cdnoticias.com\/index.php\/wp-json\/wp\/v2\/categories?post=40444"},{"taxonomy":"post_tag","embeddable":true,"href":"https:\/\/cdnoticias.com\/index.php\/wp-json\/wp\/v2\/tags?post=40444"}],"curies":[{"name":"wp","href":"https:\/\/api.w.org\/{rel}","templated":true}]}}