{"id":40423,"date":"2021-12-03T14:07:07","date_gmt":"2021-12-03T17:07:07","guid":{"rendered":"http:\/\/www.centraldenoticias.com.ar\/?p=40423"},"modified":"2021-12-03T14:07:07","modified_gmt":"2021-12-03T17:07:07","slug":"ezequiel-galli-en-lamali-es-un-dia-historico-para-olavarria","status":"publish","type":"post","link":"https:\/\/cdnoticias.com\/index.php\/2021\/12\/03\/ezequiel-galli-en-lamali-es-un-dia-historico-para-olavarria\/","title":{"rendered":"Ezequiel Galli en L\u00b4Amal\u00ed: \u201cEs un d\u00eda hist\u00f3rico para Olavarr\u00eda\u201d"},"content":{"rendered":"<p>El Intendente particip\u00f3 del acto inaugural de la nueva planta cementera. Lleg\u00f3 con gran parte de su gabinete.<!--more--><\/p>\n<hr \/>\n<p><strong>\u201cEs un d\u00eda hist\u00f3rico para Olavarr\u00eda. Desde 2001 que no hab\u00eda una inauguraci\u00f3n de algo tan importante como esto<\/strong> y particularmente tambi\u00e9n fue L\u00b4Amal\u00ed. En ese momento le toc\u00f3 a Don Helios inaugurar la planta y hoy me toca a m\u00ed\u201d dijo Ezequiel Gali a poco de su arribo a la sede de la nueva planta de Loma Negra.<\/p>\n<p>&nbsp;<\/p>\n<p><strong>El jefe comunal particip\u00f3 del acto<\/strong> donde fue recibido <a href=\"https:\/\/cdnoticias.com\/index.php\/2021\/12\/03\/sergio-faifman-estamos-volviendo-a-los-niveles-de-produccion-de-2018\/\" target=\"_blank\" rel=\"noopener\">por el CEO de Loma Negra, Sergio Faifman<\/a>. Estuvo acompa\u00f1ado por gran parte del gabinete de funcionarios municipales.<\/p>\n<p>&nbsp;<\/p>\n<p><img data-recalc-dims=\"1\" loading=\"lazy\" decoding=\"async\" class=\"size-large wp-image-40417 aligncenter\" src=\"https:\/\/i0.wp.com\/cdnoticias.com\/wp-content\/uploads\/2021\/12\/00-galli-loma-negra.jpg?resize=800%2C445&#038;ssl=1\" alt=\"\" width=\"800\" height=\"445\" srcset=\"https:\/\/i0.wp.com\/cdnoticias.com\/wp-content\/uploads\/2021\/12\/00-galli-loma-negra.jpg?resize=1024%2C570&amp;ssl=1 1024w, https:\/\/i0.wp.com\/cdnoticias.com\/wp-content\/uploads\/2021\/12\/00-galli-loma-negra.jpg?resize=300%2C167&amp;ssl=1 300w, https:\/\/i0.wp.com\/cdnoticias.com\/wp-content\/uploads\/2021\/12\/00-galli-loma-negra.jpg?resize=768%2C427&amp;ssl=1 768w, https:\/\/i0.wp.com\/cdnoticias.com\/wp-content\/uploads\/2021\/12\/00-galli-loma-negra.jpg?resize=800%2C445&amp;ssl=1 800w, https:\/\/i0.wp.com\/cdnoticias.com\/wp-content\/uploads\/2021\/12\/00-galli-loma-negra.jpg?w=1599&amp;ssl=1 1599w\" sizes=\"auto, (max-width: 800px) 100vw, 800px\" \/><\/p>\n<p>&nbsp;<\/p>\n<p>En una charla con <strong>Central de Noticias,<\/strong> Galli consider\u00f3 que \u201c<strong>es important\u00edsimo por el impacto que va a tener la planta no solo en el despacho de cemento<\/strong> en bolsa sino en el impacto ambiental, porque va a reducir la huella de carbono, el impacto de empleo directo e indirecto que genera. Es una muy buena noticia para la ciudad\u201d.<\/p>\n<p>&nbsp;<\/p>\n<blockquote><p>Tambi\u00e9n hizo referencia a las pol\u00edticas de incentivo a la radicaci\u00f3n de empresas que se impulsan desde el Municipio y subrayo que \u201cresultado de ese trabajo es m\u00e1s empleo para la ciudad, m\u00e1s empleo para el Partido y m\u00e1s crecimiento para Olavarr\u00eda con la cual es un orgullo lo que significa\u201d.<\/p><\/blockquote>\n<p>&nbsp;<\/p>\n<p><img data-recalc-dims=\"1\" loading=\"lazy\" decoding=\"async\" class=\"alignnone size-large wp-image-40414\" src=\"https:\/\/i0.wp.com\/cdnoticias.com\/wp-content\/uploads\/2021\/12\/08-faifman-loma-negra.jpg?resize=800%2C445&#038;ssl=1\" alt=\"\" width=\"800\" height=\"445\" srcset=\"https:\/\/i0.wp.com\/cdnoticias.com\/wp-content\/uploads\/2021\/12\/08-faifman-loma-negra.jpg?resize=1024%2C569&amp;ssl=1 1024w, https:\/\/i0.wp.com\/cdnoticias.com\/wp-content\/uploads\/2021\/12\/08-faifman-loma-negra.jpg?resize=300%2C167&amp;ssl=1 300w, https:\/\/i0.wp.com\/cdnoticias.com\/wp-content\/uploads\/2021\/12\/08-faifman-loma-negra.jpg?resize=768%2C427&amp;ssl=1 768w, https:\/\/i0.wp.com\/cdnoticias.com\/wp-content\/uploads\/2021\/12\/08-faifman-loma-negra.jpg?resize=800%2C445&amp;ssl=1 800w, https:\/\/i0.wp.com\/cdnoticias.com\/wp-content\/uploads\/2021\/12\/08-faifman-loma-negra.jpg?w=1152&amp;ssl=1 1152w\" sizes=\"auto, (max-width: 800px) 100vw, 800px\" \/><\/p>\n<p><img data-recalc-dims=\"1\" loading=\"lazy\" decoding=\"async\" class=\"alignnone size-large wp-image-40410\" src=\"https:\/\/i0.wp.com\/cdnoticias.com\/wp-content\/uploads\/2021\/12\/04-faifman-loma-negra.jpg?resize=800%2C445&#038;ssl=1\" alt=\"\" width=\"800\" height=\"445\" srcset=\"https:\/\/i0.wp.com\/cdnoticias.com\/wp-content\/uploads\/2021\/12\/04-faifman-loma-negra.jpg?resize=1024%2C570&amp;ssl=1 1024w, https:\/\/i0.wp.com\/cdnoticias.com\/wp-content\/uploads\/2021\/12\/04-faifman-loma-negra.jpg?resize=300%2C167&amp;ssl=1 300w, https:\/\/i0.wp.com\/cdnoticias.com\/wp-content\/uploads\/2021\/12\/04-faifman-loma-negra.jpg?resize=768%2C428&amp;ssl=1 768w, https:\/\/i0.wp.com\/cdnoticias.com\/wp-content\/uploads\/2021\/12\/04-faifman-loma-negra.jpg?resize=800%2C445&amp;ssl=1 800w, https:\/\/i0.wp.com\/cdnoticias.com\/wp-content\/uploads\/2021\/12\/04-faifman-loma-negra.jpg?w=1227&amp;ssl=1 1227w\" sizes=\"auto, (max-width: 800px) 100vw, 800px\" \/><\/p>\n","protected":false},"excerpt":{"rendered":"<p>El Intendente particip\u00f3 del acto inaugural de la nueva planta cementera. Lleg\u00f3 con gran parte de su gabinete.<\/p>\n","protected":false},"author":4,"featured_media":40419,"comment_status":"closed","ping_status":"closed","sticky":false,"template":"","format":"standard","meta":{"_jetpack_memberships_contains_paid_content":false,"footnotes":""},"categories":[4,1],"tags":[],"class_list":["post-40423","post","type-post","status-publish","format-standard","has-post-thumbnail","hentry","category-politica","category-portada"],"jetpack_featured_media_url":"https:\/\/i0.wp.com\/cdnoticias.com\/wp-content\/uploads\/2021\/12\/01-galli-loma-negra.jpg?fit=1599%2C890&ssl=1","jetpack_sharing_enabled":true,"_links":{"self":[{"href":"https:\/\/cdnoticias.com\/index.php\/wp-json\/wp\/v2\/posts\/40423","targetHints":{"allow":["GET"]}}],"collection":[{"href":"https:\/\/cdnoticias.com\/index.php\/wp-json\/wp\/v2\/posts"}],"about":[{"href":"https:\/\/cdnoticias.com\/index.php\/wp-json\/wp\/v2\/types\/post"}],"author":[{"embeddable":true,"href":"https:\/\/cdnoticias.com\/index.php\/wp-json\/wp\/v2\/users\/4"}],"replies":[{"embeddable":true,"href":"https:\/\/cdnoticias.com\/index.php\/wp-json\/wp\/v2\/comments?post=40423"}],"version-history":[{"count":0,"href":"https:\/\/cdnoticias.com\/index.php\/wp-json\/wp\/v2\/posts\/40423\/revisions"}],"wp:featuredmedia":[{"embeddable":true,"href":"https:\/\/cdnoticias.com\/index.php\/wp-json\/wp\/v2\/media\/40419"}],"wp:attachment":[{"href":"https:\/\/cdnoticias.com\/index.php\/wp-json\/wp\/v2\/media?parent=40423"}],"wp:term":[{"taxonomy":"category","embeddable":true,"href":"https:\/\/cdnoticias.com\/index.php\/wp-json\/wp\/v2\/categories?post=40423"},{"taxonomy":"post_tag","embeddable":true,"href":"https:\/\/cdnoticias.com\/index.php\/wp-json\/wp\/v2\/tags?post=40423"}],"curies":[{"name":"wp","href":"https:\/\/api.w.org\/{rel}","templated":true}]}}