{"id":4041,"date":"2020-10-15T19:49:10","date_gmt":"2020-10-15T22:49:10","guid":{"rendered":"http:\/\/www.centraldenoticias.com.ar\/?p=4041"},"modified":"2020-10-15T20:46:47","modified_gmt":"2020-10-15T23:46:47","slug":"se-iniciaron-las-tareas-viales-sobre-la-autopista-luciano-fortabat","status":"publish","type":"post","link":"https:\/\/cdnoticias.com\/index.php\/2020\/10\/15\/se-iniciaron-las-tareas-viales-sobre-la-autopista-luciano-fortabat\/","title":{"rendered":"Se iniciaron las tareas viales sobre la autopista Luciano Fortabat"},"content":{"rendered":"<p>El intendente recorri\u00f3 el comienzo de los trabajos de pavimentaci\u00f3n que se realiza a la altura del acceso al barrio AOMA. Vecinos del lugar celebraron las obras, pero pidieron, a la par, que se repliquen al interior del barrio.<\/p>\n<p><!--more--><\/p>\n<hr \/>\n<p>En la ma\u00f1ana de este jueves el intendente Ezequiel Galli, acompa\u00f1ado por el secretario de Mantenimiento y Obras P\u00fablicas Julio Ferraro, recorrieron los <strong>trabajos de pavimentaci\u00f3n en el marco de la obra que se lleva adelante sobre autopista Fortabat, a la altura del acceso al barrio AOMA.<\/strong><\/p>\n<p>&nbsp;<\/p>\n<p>De acuerdo con lo que se a\u00f1adi\u00f3 desde el Ejecutivo local, en el sector se pusieron en marcha las tareas de<strong> reparaci\u00f3n del pavimento, que presentaba en la actualidad un importante estado de deterioro, producto del alto tr\u00e1nsito diario que se registra en la zona, teniendo en cuenta que es uno de los principales ingresos a la ciudad de Olavarr\u00eda.<\/strong><\/p>\n<p>&nbsp;<\/p>\n<p><img data-recalc-dims=\"1\" loading=\"lazy\" decoding=\"async\" class=\"alignnone size-large wp-image-4047\" src=\"https:\/\/i0.wp.com\/cdnoticias.com\/wp-content\/uploads\/2020\/10\/Obras-B%C2%B0-Aoma-2-1024x682.jpg?resize=800%2C533&#038;ssl=1\" alt=\"\" width=\"800\" height=\"533\" srcset=\"https:\/\/i0.wp.com\/cdnoticias.com\/wp-content\/uploads\/2020\/10\/Obras-B%C2%B0-Aoma-2.jpg?resize=1024%2C682&amp;ssl=1 1024w, https:\/\/i0.wp.com\/cdnoticias.com\/wp-content\/uploads\/2020\/10\/Obras-B%C2%B0-Aoma-2.jpg?resize=300%2C200&amp;ssl=1 300w, https:\/\/i0.wp.com\/cdnoticias.com\/wp-content\/uploads\/2020\/10\/Obras-B%C2%B0-Aoma-2.jpg?resize=768%2C512&amp;ssl=1 768w, https:\/\/i0.wp.com\/cdnoticias.com\/wp-content\/uploads\/2020\/10\/Obras-B%C2%B0-Aoma-2.jpg?resize=272%2C182&amp;ssl=1 272w, https:\/\/i0.wp.com\/cdnoticias.com\/wp-content\/uploads\/2020\/10\/Obras-B%C2%B0-Aoma-2.jpg?w=1772&amp;ssl=1 1772w, https:\/\/i0.wp.com\/cdnoticias.com\/wp-content\/uploads\/2020\/10\/Obras-B%C2%B0-Aoma-2.jpg?w=1600&amp;ssl=1 1600w\" sizes=\"auto, (max-width: 800px) 100vw, 800px\" \/><\/p>\n<p>&nbsp;<\/p>\n<p><strong>En este sentido se detall\u00f3 que fue necesario, en principio, la demolici\u00f3n y retiro del pavimento deteriorado<\/strong>. Luego, se construy\u00f3 una base de tosca espec\u00edfica en dicha zona, y sobre ella un pavimento de hormig\u00f3n, que tiene un espesor de 18 cm, sobre una extensi\u00f3n total que supera los 100 metros cuadrados.<\/p>\n<p>&nbsp;<\/p>\n<p>La obra de pavimentaci\u00f3n se encuentra a cargo de Demoliciones Olavarr\u00eda y la inversi\u00f3n del Municipio alcanza los 200 mil pesos. Cabe aclarar que<strong> los trabajos de hormigonado propiamente dichos finalizar\u00e1n en la jornada de ma\u00f1ana viernes, sin embargo el tr\u00e1nsito permanecer\u00e1 interrumpido de manera parcial por un lapso de 10 d\u00edas.<\/strong><\/p>\n<p>&nbsp;<\/p>\n<p><img data-recalc-dims=\"1\" loading=\"lazy\" decoding=\"async\" class=\"alignnone size-full wp-image-4048\" src=\"https:\/\/i0.wp.com\/cdnoticias.com\/wp-content\/uploads\/2020\/10\/obras-a.jpg?resize=800%2C392&#038;ssl=1\" alt=\"\" width=\"800\" height=\"392\" srcset=\"https:\/\/i0.wp.com\/cdnoticias.com\/wp-content\/uploads\/2020\/10\/obras-a.jpg?w=948&amp;ssl=1 948w, https:\/\/i0.wp.com\/cdnoticias.com\/wp-content\/uploads\/2020\/10\/obras-a.jpg?resize=300%2C147&amp;ssl=1 300w, https:\/\/i0.wp.com\/cdnoticias.com\/wp-content\/uploads\/2020\/10\/obras-a.jpg?resize=768%2C377&amp;ssl=1 768w\" sizes=\"auto, (max-width: 800px) 100vw, 800px\" \/><\/p>\n<p>&nbsp;<\/p>\n<p><strong>Es por ello que desde el \u00e1rea de Obras P\u00fablicas se solicit\u00f3 a los conductores circular con extrema precauci\u00f3n y respetar la se\u00f1alizaci\u00f3n<\/strong> existente instalada en el lugar, a los efectos de evitar inconvenientes mayores.<\/p>\n<p>&nbsp;<\/p>\n<p>Por otra parte,<em><strong> Central de Noticias<\/strong> <\/em>dialog\u00f3 con vecinos del sector, quienes <strong>celebraron el inicio de esas tareas pero requirieron a la par que obras de similar \u00edndole se repliquen hacia el interior del barrio.<\/strong><\/p>\n<p>&nbsp;<\/p>\n","protected":false},"excerpt":{"rendered":"<p>El intendente recorri\u00f3 el comienzo de los trabajos de pavimentaci\u00f3n que se realiza a la altura del acceso al barrio<\/p>\n","protected":false},"author":3,"featured_media":4046,"comment_status":"closed","ping_status":"closed","sticky":false,"template":"","format":"standard","meta":{"_jetpack_memberships_contains_paid_content":false,"footnotes":""},"categories":[5,1],"tags":[],"class_list":["post-4041","post","type-post","status-publish","format-standard","has-post-thumbnail","hentry","category-informacion-general","category-portada"],"jetpack_featured_media_url":"https:\/\/i0.wp.com\/cdnoticias.com\/wp-content\/uploads\/2020\/10\/Obras-B%C2%B0-Aoma-1.jpg?fit=1772%2C1181&ssl=1","jetpack_sharing_enabled":true,"_links":{"self":[{"href":"https:\/\/cdnoticias.com\/index.php\/wp-json\/wp\/v2\/posts\/4041","targetHints":{"allow":["GET"]}}],"collection":[{"href":"https:\/\/cdnoticias.com\/index.php\/wp-json\/wp\/v2\/posts"}],"about":[{"href":"https:\/\/cdnoticias.com\/index.php\/wp-json\/wp\/v2\/types\/post"}],"author":[{"embeddable":true,"href":"https:\/\/cdnoticias.com\/index.php\/wp-json\/wp\/v2\/users\/3"}],"replies":[{"embeddable":true,"href":"https:\/\/cdnoticias.com\/index.php\/wp-json\/wp\/v2\/comments?post=4041"}],"version-history":[{"count":0,"href":"https:\/\/cdnoticias.com\/index.php\/wp-json\/wp\/v2\/posts\/4041\/revisions"}],"wp:featuredmedia":[{"embeddable":true,"href":"https:\/\/cdnoticias.com\/index.php\/wp-json\/wp\/v2\/media\/4046"}],"wp:attachment":[{"href":"https:\/\/cdnoticias.com\/index.php\/wp-json\/wp\/v2\/media?parent=4041"}],"wp:term":[{"taxonomy":"category","embeddable":true,"href":"https:\/\/cdnoticias.com\/index.php\/wp-json\/wp\/v2\/categories?post=4041"},{"taxonomy":"post_tag","embeddable":true,"href":"https:\/\/cdnoticias.com\/index.php\/wp-json\/wp\/v2\/tags?post=4041"}],"curies":[{"name":"wp","href":"https:\/\/api.w.org\/{rel}","templated":true}]}}