{"id":40409,"date":"2021-12-03T13:54:34","date_gmt":"2021-12-03T16:54:34","guid":{"rendered":"http:\/\/www.centraldenoticias.com.ar\/?p=40409"},"modified":"2021-12-03T15:23:44","modified_gmt":"2021-12-03T18:23:44","slug":"sergio-faifman-estamos-volviendo-a-los-niveles-de-produccion-de-2018","status":"publish","type":"post","link":"https:\/\/cdnoticias.com\/index.php\/2021\/12\/03\/sergio-faifman-estamos-volviendo-a-los-niveles-de-produccion-de-2018\/","title":{"rendered":"Sergio Faifman: \u201cEstamos volviendo a los niveles de producci\u00f3n de 2018\u201d"},"content":{"rendered":"<p>El CEO de Loma Negra destac\u00f3 el buen momento del mercado de cemento a minutos de la inauguraci\u00f3n de la segunda l\u00ednea de producci\u00f3n de L\u00b4Amal\u00ed.<!--more--><\/p>\n<hr \/>\n<p><strong>El CEO de Loma Negra, Sergio Faifman, destac\u00f3 el buen inicio de producci\u00f3n en la nueva f\u00e1brica L\u00b4Amal\u00ed II<\/strong>, que desde noviembre ya produce cemento, y <strong>adelant\u00f3 expectativas positivas para la proyecci\u00f3n del rubro el a\u00f1o que viene<\/strong> con posibilidad de alcanzar los niveles r\u00e9cords de producci\u00f3n de 2017.<\/p>\n<p>&nbsp;<\/p>\n<blockquote><p>\u201cLas expectativas son muy buenas. La f\u00e1brica ya est\u00e1 marchando desde agosto. En noviembre pudimos empezar a producir cemento y los valores de la f\u00e1brica son espectaculares en lo que tiene que ver con producci\u00f3n, consumo de energ\u00eda, condiciones y dem\u00e1s. Es un salto tecnol\u00f3gico muy bueno y es un avance para la compa\u00f1\u00eda y para Olavarr\u00eda\u201d destac\u00f3 el directivo de Loma Negra. M\u00e1s adelante hizo hincapi\u00e9 en que \u201cla capacidad total de la f\u00e1brica podr\u00eda abastecer a media Argentina\u201d al tiempo que dej\u00f3 en claro \u201cen esta etapa se va a trabajar a un poco menos de capacidad, viendo c\u00f3mo evoluciona el mercado\u201d.<\/p><\/blockquote>\n<p>&nbsp;<\/p>\n<p><img data-recalc-dims=\"1\" loading=\"lazy\" decoding=\"async\" class=\"size-large wp-image-40413 aligncenter\" src=\"https:\/\/i0.wp.com\/cdnoticias.com\/wp-content\/uploads\/2021\/12\/07-faifman-loma-negra.jpg?resize=800%2C445&#038;ssl=1\" alt=\"\" width=\"800\" height=\"445\" srcset=\"https:\/\/i0.wp.com\/cdnoticias.com\/wp-content\/uploads\/2021\/12\/07-faifman-loma-negra.jpg?resize=1024%2C569&amp;ssl=1 1024w, https:\/\/i0.wp.com\/cdnoticias.com\/wp-content\/uploads\/2021\/12\/07-faifman-loma-negra.jpg?resize=300%2C167&amp;ssl=1 300w, https:\/\/i0.wp.com\/cdnoticias.com\/wp-content\/uploads\/2021\/12\/07-faifman-loma-negra.jpg?resize=768%2C427&amp;ssl=1 768w, https:\/\/i0.wp.com\/cdnoticias.com\/wp-content\/uploads\/2021\/12\/07-faifman-loma-negra.jpg?resize=800%2C445&amp;ssl=1 800w, https:\/\/i0.wp.com\/cdnoticias.com\/wp-content\/uploads\/2021\/12\/07-faifman-loma-negra.jpg?w=1152&amp;ssl=1 1152w\" sizes=\"auto, (max-width: 800px) 100vw, 800px\" \/><\/p>\n<p>&nbsp;<\/p>\n<p>Fue en el <a href=\"https:\/\/cdnoticias.com\/index.php\/2021\/12\/03\/con-la-presencia-de-kicillof-y-videoconferencia-de-fernandez-se-inaugura-lamali-ii\/\" target=\"_blank\" rel=\"noopener\">inicio de las actividades de inauguraci\u00f3n formal este viernes<\/a>. En la planta ya estaban presentes <strong>directivos de Intercement<\/strong>, el grupo financiero de capitales brasile\u00f1os propietario de Loma Negra, y tambi\u00e9n se indic\u00f3 que asisti\u00f3<strong> parte de la familia Camargo Correa<\/strong>.<\/p>\n<p>&nbsp;<\/p>\n<p>Asimismo, ya estaban presentes <strong>el intendente Ezequiel Galli<\/strong>, numerosos <strong>funcionarios municipales<\/strong>,<strong> referentes locales del Frente de Todos<\/strong> y el <strong>ministro de H\u00e1bitat y Desarrollo Territorial de la Naci\u00f3n, Jorge Ferraresi<\/strong>.<\/p>\n<p>&nbsp;<\/p>\n<p><img data-recalc-dims=\"1\" loading=\"lazy\" decoding=\"async\" class=\"size-large wp-image-40421 aligncenter\" src=\"https:\/\/i0.wp.com\/cdnoticias.com\/wp-content\/uploads\/2021\/12\/03-faifman-loma-negra.jpg?resize=800%2C445&#038;ssl=1\" alt=\"\" width=\"800\" height=\"445\" srcset=\"https:\/\/i0.wp.com\/cdnoticias.com\/wp-content\/uploads\/2021\/12\/03-faifman-loma-negra.jpg?resize=1024%2C569&amp;ssl=1 1024w, https:\/\/i0.wp.com\/cdnoticias.com\/wp-content\/uploads\/2021\/12\/03-faifman-loma-negra.jpg?resize=300%2C167&amp;ssl=1 300w, https:\/\/i0.wp.com\/cdnoticias.com\/wp-content\/uploads\/2021\/12\/03-faifman-loma-negra.jpg?resize=768%2C427&amp;ssl=1 768w, https:\/\/i0.wp.com\/cdnoticias.com\/wp-content\/uploads\/2021\/12\/03-faifman-loma-negra.jpg?resize=800%2C445&amp;ssl=1 800w, https:\/\/i0.wp.com\/cdnoticias.com\/wp-content\/uploads\/2021\/12\/03-faifman-loma-negra.jpg?w=1599&amp;ssl=1 1599w\" sizes=\"auto, (max-width: 800px) 100vw, 800px\" \/><\/p>\n<p>&nbsp;<\/p>\n<p>Faifman indic\u00f3 que \u201cpara la segunda l\u00ednea <strong>estamos incorporando a 160 personas en forma directa<\/strong>, adicionales a las 320 que ya trabajaban en la primera l\u00ednea\u201d.<\/p>\n<p>&nbsp;<\/p>\n<p>El CEO respondi\u00f3 sobre los cuatro a\u00f1os en los que se defini\u00f3 el inicio de la obra, el comienzo efectivo y la finalizaci\u00f3n este a\u00f1o, \u00e9pocas con cambios econ\u00f3micos muy importantes para el pa\u00eds. \u201cFue muy complejo. <strong>En muchos momentos se discuti\u00f3 si la obra se deber\u00eda parar o no. Y la verdad es que con la visi\u00f3n que ten\u00edamos de Argentina y dem\u00e1s, los accionistas apoyaron eso<\/strong>, mantuvimos la inversi\u00f3n a pesar de todas las dificultades del pa\u00eds\u201d afirm\u00f3.<\/p>\n<p>&nbsp;<\/p>\n<p><img data-recalc-dims=\"1\" loading=\"lazy\" decoding=\"async\" class=\"size-large wp-image-40412 aligncenter\" src=\"https:\/\/i0.wp.com\/cdnoticias.com\/wp-content\/uploads\/2021\/12\/06-faifman-loma-negra.jpg?resize=800%2C445&#038;ssl=1\" alt=\"\" width=\"800\" height=\"445\" srcset=\"https:\/\/i0.wp.com\/cdnoticias.com\/wp-content\/uploads\/2021\/12\/06-faifman-loma-negra.jpg?resize=1024%2C569&amp;ssl=1 1024w, https:\/\/i0.wp.com\/cdnoticias.com\/wp-content\/uploads\/2021\/12\/06-faifman-loma-negra.jpg?resize=300%2C167&amp;ssl=1 300w, https:\/\/i0.wp.com\/cdnoticias.com\/wp-content\/uploads\/2021\/12\/06-faifman-loma-negra.jpg?resize=768%2C427&amp;ssl=1 768w, https:\/\/i0.wp.com\/cdnoticias.com\/wp-content\/uploads\/2021\/12\/06-faifman-loma-negra.jpg?resize=800%2C445&amp;ssl=1 800w, https:\/\/i0.wp.com\/cdnoticias.com\/wp-content\/uploads\/2021\/12\/06-faifman-loma-negra.jpg?w=1152&amp;ssl=1 1152w\" sizes=\"auto, (max-width: 800px) 100vw, 800px\" \/><\/p>\n<p>&nbsp;<\/p>\n<p>Acerca de las visitas de funcionarios de gobierno, dijo que \u201c<strong>con el gobierno tanto Municipal, como Provincial y Nacional tenemos muy buena relaci\u00f3n<\/strong>. Lamentablemente el Presidente no va a poder venir por compromisos de agenda y s\u00ed va a participar para el cierre por video en streaming. Confirm\u00f3 la presencia, m\u00e1s all\u00e1 del intendente de Olavarr\u00eda, el Gobernador de la provincia de Buenos Aires y el ministro Ferraresi que van a estar ac\u00e1. Despu\u00e9s hay otras autoridades que van a estar participando como diputados y dem\u00e1s\u201d.<\/p>\n<p>&nbsp;<\/p>\n<p><strong>La nueva planta<\/strong><\/p>\n<p>&nbsp;<\/p>\n<p>El directivo respondi\u00f3 sobre el impacto de esta nueva planta en Olavarr\u00eda. Aludi\u00f3 a la etapa de construcci\u00f3n para apuntar que \u201ctuvo un impacto muy positivo, si ustedes recuerdan los momentos pico trabajaban casi 2.000 personas con lo cual creo que todo eso <strong>gener\u00f3 mucha actividad en Olavarr\u00eda<\/strong>. Adicionalmente no solo son las personas que trabajan, sino los puestos que se generan indirectos para todo el tr\u00e1fico que la ciudad va a tener con el ingreso de camiones\u201d.<\/p>\n<p>&nbsp;<\/p>\n<p>A\u00f1adi\u00f3 que hasta el momento la planta L\u00b4Amal\u00ed no ten\u00eda despacho de bolsa: se hac\u00eda en Ca\u00f1uelas. Ahora se incorpor\u00f3 este sector: <strong>\u201cla l\u00ednea de producci\u00f3n de embolsado est\u00e1 incluida con lo cual tambi\u00e9n va a haber mucho m\u00e1s movimiento de camiones en Olavarr\u00eda y eso demanda m\u00e1s actividad\u201d<\/strong> plante\u00f3.<\/p>\n<p><img data-recalc-dims=\"1\" loading=\"lazy\" decoding=\"async\" class=\"size-large wp-image-40415 aligncenter\" src=\"https:\/\/i0.wp.com\/cdnoticias.com\/wp-content\/uploads\/2021\/12\/00-faifman-loma-negra.jpg?resize=800%2C445&#038;ssl=1\" alt=\"\" width=\"800\" height=\"445\" srcset=\"https:\/\/i0.wp.com\/cdnoticias.com\/wp-content\/uploads\/2021\/12\/00-faifman-loma-negra.jpg?resize=1024%2C570&amp;ssl=1 1024w, https:\/\/i0.wp.com\/cdnoticias.com\/wp-content\/uploads\/2021\/12\/00-faifman-loma-negra.jpg?resize=300%2C167&amp;ssl=1 300w, https:\/\/i0.wp.com\/cdnoticias.com\/wp-content\/uploads\/2021\/12\/00-faifman-loma-negra.jpg?resize=768%2C427&amp;ssl=1 768w, https:\/\/i0.wp.com\/cdnoticias.com\/wp-content\/uploads\/2021\/12\/00-faifman-loma-negra.jpg?resize=800%2C445&amp;ssl=1 800w, https:\/\/i0.wp.com\/cdnoticias.com\/wp-content\/uploads\/2021\/12\/00-faifman-loma-negra.jpg?w=1152&amp;ssl=1 1152w\" sizes=\"auto, (max-width: 800px) 100vw, 800px\" \/><\/p>\n<p>&nbsp;<\/p>\n<blockquote><p>Faifman remarc\u00f3 adem\u00e1s que \u201cla f\u00e1brica est\u00e1 tiene los m\u00e1s altos est\u00e1ndares en niveles de cuidado del medio ambiente\u201d. Sobre el tema explic\u00f3 que \u201clas emisiones de CO2 son las m\u00e1s bajas que hay en cualquier f\u00e1brica y est\u00e1 en los est\u00e1ndares internacionales. Adicionalmente esta planta est\u00e1 preparada para procesar residuos, con lo cual eso hace que el d\u00eda de ma\u00f1ana se pueda reemplazar combustible s\u00f3lido por residuos industriales. Y tambi\u00e9n tiene todo un sistema de recupero de agua de lluvia que la hacen sumamente eficiente en el consumo de agua\u201d.<\/p><\/blockquote>\n<p>&nbsp;<\/p>\n<p><strong>Crecimiento del rubro<\/strong><\/p>\n<p>&nbsp;<\/p>\n<p><strong>Para 2021 la industria cementera prev\u00e9 entregar casi 12 millones de toneladas para dejar atr\u00e1s tres a\u00f1os consecutivos de ca\u00eddas<\/strong>, ocasionadas primero por la recesi\u00f3n econ\u00f3mica y luego por el impacto de la emergencia sanitaria. La \u00faltima proyecci\u00f3n dada a conocer mostraba as\u00ed un aumento de los despachos de 15,1% para todo este a\u00f1o.<\/p>\n<p>&nbsp;<\/p>\n<p><img data-recalc-dims=\"1\" loading=\"lazy\" decoding=\"async\" class=\"alignnone size-full wp-image-40418\" src=\"https:\/\/i0.wp.com\/cdnoticias.com\/wp-content\/uploads\/2021\/12\/01-faifman-loma-negra.jpg?resize=800%2C444&#038;ssl=1\" alt=\"\" width=\"800\" height=\"444\" srcset=\"https:\/\/i0.wp.com\/cdnoticias.com\/wp-content\/uploads\/2021\/12\/01-faifman-loma-negra.jpg?w=904&amp;ssl=1 904w, https:\/\/i0.wp.com\/cdnoticias.com\/wp-content\/uploads\/2021\/12\/01-faifman-loma-negra.jpg?resize=300%2C167&amp;ssl=1 300w, https:\/\/i0.wp.com\/cdnoticias.com\/wp-content\/uploads\/2021\/12\/01-faifman-loma-negra.jpg?resize=768%2C426&amp;ssl=1 768w, https:\/\/i0.wp.com\/cdnoticias.com\/wp-content\/uploads\/2021\/12\/01-faifman-loma-negra.jpg?resize=800%2C445&amp;ssl=1 800w\" sizes=\"auto, (max-width: 800px) 100vw, 800px\" \/><\/p>\n<p>&nbsp;<\/p>\n<p>En ese sentido, Faifman reafirm\u00f3 que \u201c<strong>el volumen de cemento de este a\u00f1o est\u00e1 cerrando con un crecimiento importante respecto al a\u00f1o pasado<\/strong>. El a\u00f1o pasado hab\u00eda tenido una ca\u00edda fuerte y el crecimiento de este a\u00f1o fue superior a la ca\u00edda del a\u00f1o pasado\u201d.<\/p>\n<p>&nbsp;<\/p>\n<p>\u201cEstamos volviendo a los niveles de producci\u00f3n de 2018 con lo cual, si recuerdan los a\u00f1os r\u00e9cord de la industria 2015 y 2017,<strong> este a\u00f1o terminar\u00edamos levemente por debajo de lo que fue 2017<\/strong>\u201d agreg\u00f3.<\/p>\n<p>&nbsp;<\/p>\n<blockquote><p>En cuanto a 2022, adelant\u00f3 \u201cestamos previendo que el volumen se mantenga, que tenga un crecimiento leve para el a\u00f1o que viene de 3 o 4 por ciento con lo cual -si eso se da- estar\u00edamos en los niveles r\u00e9cord de la industria\u201d.<\/p><\/blockquote>\n<p>&nbsp;<\/p>\n<p><img data-recalc-dims=\"1\" loading=\"lazy\" decoding=\"async\" class=\"size-large wp-image-40411 aligncenter\" src=\"https:\/\/i0.wp.com\/cdnoticias.com\/wp-content\/uploads\/2021\/12\/05-faifman-loma-negra.jpg?resize=800%2C445&#038;ssl=1\" alt=\"\" width=\"800\" height=\"445\" srcset=\"https:\/\/i0.wp.com\/cdnoticias.com\/wp-content\/uploads\/2021\/12\/05-faifman-loma-negra.jpg?resize=1024%2C569&amp;ssl=1 1024w, https:\/\/i0.wp.com\/cdnoticias.com\/wp-content\/uploads\/2021\/12\/05-faifman-loma-negra.jpg?resize=300%2C167&amp;ssl=1 300w, https:\/\/i0.wp.com\/cdnoticias.com\/wp-content\/uploads\/2021\/12\/05-faifman-loma-negra.jpg?resize=768%2C427&amp;ssl=1 768w, https:\/\/i0.wp.com\/cdnoticias.com\/wp-content\/uploads\/2021\/12\/05-faifman-loma-negra.jpg?resize=800%2C445&amp;ssl=1 800w, https:\/\/i0.wp.com\/cdnoticias.com\/wp-content\/uploads\/2021\/12\/05-faifman-loma-negra.jpg?w=1152&amp;ssl=1 1152w\" sizes=\"auto, (max-width: 800px) 100vw, 800px\" \/><\/p>\n","protected":false},"excerpt":{"rendered":"<p>El CEO de Loma Negra destac\u00f3 el buen momento del mercado de cemento a minutos de la inauguraci\u00f3n de la<\/p>\n","protected":false},"author":4,"featured_media":40420,"comment_status":"closed","ping_status":"closed","sticky":false,"template":"","format":"standard","meta":{"_jetpack_memberships_contains_paid_content":false,"footnotes":""},"categories":[5,1],"tags":[],"class_list":["post-40409","post","type-post","status-publish","format-standard","has-post-thumbnail","hentry","category-informacion-general","category-portada"],"jetpack_featured_media_url":"https:\/\/i0.wp.com\/cdnoticias.com\/wp-content\/uploads\/2021\/12\/02-faifman-loma-negra.jpg?fit=1152%2C640&ssl=1","jetpack_sharing_enabled":true,"_links":{"self":[{"href":"https:\/\/cdnoticias.com\/index.php\/wp-json\/wp\/v2\/posts\/40409","targetHints":{"allow":["GET"]}}],"collection":[{"href":"https:\/\/cdnoticias.com\/index.php\/wp-json\/wp\/v2\/posts"}],"about":[{"href":"https:\/\/cdnoticias.com\/index.php\/wp-json\/wp\/v2\/types\/post"}],"author":[{"embeddable":true,"href":"https:\/\/cdnoticias.com\/index.php\/wp-json\/wp\/v2\/users\/4"}],"replies":[{"embeddable":true,"href":"https:\/\/cdnoticias.com\/index.php\/wp-json\/wp\/v2\/comments?post=40409"}],"version-history":[{"count":0,"href":"https:\/\/cdnoticias.com\/index.php\/wp-json\/wp\/v2\/posts\/40409\/revisions"}],"wp:featuredmedia":[{"embeddable":true,"href":"https:\/\/cdnoticias.com\/index.php\/wp-json\/wp\/v2\/media\/40420"}],"wp:attachment":[{"href":"https:\/\/cdnoticias.com\/index.php\/wp-json\/wp\/v2\/media?parent=40409"}],"wp:term":[{"taxonomy":"category","embeddable":true,"href":"https:\/\/cdnoticias.com\/index.php\/wp-json\/wp\/v2\/categories?post=40409"},{"taxonomy":"post_tag","embeddable":true,"href":"https:\/\/cdnoticias.com\/index.php\/wp-json\/wp\/v2\/tags?post=40409"}],"curies":[{"name":"wp","href":"https:\/\/api.w.org\/{rel}","templated":true}]}}