{"id":40389,"date":"2021-12-05T09:12:52","date_gmt":"2021-12-05T12:12:52","guid":{"rendered":"http:\/\/www.centraldenoticias.com.ar\/?p=40389"},"modified":"2021-12-05T10:21:53","modified_gmt":"2021-12-05T13:21:53","slug":"programa-puntos-de-contacto-anses-atendera-la-semana-proxima-en-las-localidades","status":"publish","type":"post","link":"https:\/\/cdnoticias.com\/index.php\/2021\/12\/05\/programa-puntos-de-contacto-anses-atendera-la-semana-proxima-en-las-localidades\/","title":{"rendered":"Programa Puntos de Contacto: ANSES atender\u00e1 la semana pr\u00f3xima en las localidades"},"content":{"rendered":"<p>El lunes atender\u00e1 en el Centro de Jubilados de Loma Negra de 9 a 12. Seguir\u00e1 en Sierras Bayas y en Hinojo.<!--more--><\/p>\n<hr \/>\n<p><strong>Desde la UDAI Olavarr\u00eda de ANSES se inform\u00f3 que se atender\u00e1 la semana pr\u00f3xima en las localidades<\/strong> en el marco del Programa Puntos de Contacto.<\/p>\n<p>&nbsp;<\/p>\n<p>Con el <strong>objetivo de ampliar la atenci\u00f3n y llegar a m\u00e1s personas<\/strong>, el organismo estableci\u00f3 un cronograma de <strong>atenci\u00f3n de 9 a 12 horas<\/strong> en las localidades del partido de Olavarr\u00eda. Su primer punto de atenci\u00f3n ser\u00e1 Loma Negra.<\/p>\n<p><img data-recalc-dims=\"1\" loading=\"lazy\" decoding=\"async\" class=\"wp-image-40391 aligncenter\" src=\"https:\/\/i0.wp.com\/cdnoticias.com\/wp-content\/uploads\/2021\/12\/anses-localidades-3.jpeg?resize=450%2C450&#038;ssl=1\" alt=\"\" width=\"450\" height=\"450\" srcset=\"https:\/\/i0.wp.com\/cdnoticias.com\/wp-content\/uploads\/2021\/12\/anses-localidades-3.jpeg?resize=1024%2C1024&amp;ssl=1 1024w, https:\/\/i0.wp.com\/cdnoticias.com\/wp-content\/uploads\/2021\/12\/anses-localidades-3.jpeg?resize=150%2C150&amp;ssl=1 150w, https:\/\/i0.wp.com\/cdnoticias.com\/wp-content\/uploads\/2021\/12\/anses-localidades-3.jpeg?resize=300%2C300&amp;ssl=1 300w, https:\/\/i0.wp.com\/cdnoticias.com\/wp-content\/uploads\/2021\/12\/anses-localidades-3.jpeg?resize=768%2C768&amp;ssl=1 768w, https:\/\/i0.wp.com\/cdnoticias.com\/wp-content\/uploads\/2021\/12\/anses-localidades-3.jpeg?w=1280&amp;ssl=1 1280w\" sizes=\"auto, (max-width: 450px) 100vw, 450px\" \/><\/p>\n<p>&nbsp;<\/p>\n<blockquote><p>Maximiliano Wesner inform\u00f3 que el organismo comenzar\u00e1 la atenci\u00f3n el lunes en el Centro de Jubilados de Loma Negra, 1\u00b0 de Mayo 1458.<\/p><\/blockquote>\n<p>&nbsp;<\/p>\n<p>Seguir\u00e1<strong> el martes 7 en el Centro de Jubilados de Sierras Bayas<\/strong>, Rivadavia 2204 y <strong>el jueves 9 en la localidad de Hinojo<\/strong>, Av. Crotto, tambi\u00e9n en el Centro de Jubilados.<\/p>\n<p>&nbsp;<\/p>\n<p><img data-recalc-dims=\"1\" loading=\"lazy\" decoding=\"async\" class=\"size-full wp-image-40392 aligncenter\" src=\"https:\/\/i0.wp.com\/cdnoticias.com\/wp-content\/uploads\/2021\/12\/anses-localidades-1.jpeg?resize=800%2C491&#038;ssl=1\" alt=\"\" width=\"800\" height=\"491\" srcset=\"https:\/\/i0.wp.com\/cdnoticias.com\/wp-content\/uploads\/2021\/12\/anses-localidades-1.jpeg?w=960&amp;ssl=1 960w, https:\/\/i0.wp.com\/cdnoticias.com\/wp-content\/uploads\/2021\/12\/anses-localidades-1.jpeg?resize=300%2C184&amp;ssl=1 300w, https:\/\/i0.wp.com\/cdnoticias.com\/wp-content\/uploads\/2021\/12\/anses-localidades-1.jpeg?resize=768%2C471&amp;ssl=1 768w\" sizes=\"auto, (max-width: 800px) 100vw, 800px\" \/><\/p>\n<p>&nbsp;<\/p>\n<p>La iniciativa se enmarca en el <strong>Programa Puntos de Contacto<\/strong>, \u201cla ANSES posee diferentes puntos de contacto en hospitales, municipalidades, Centros de Acceso a la Justicia (CAJ) y otros organismos p\u00fablicos a lo largo de todo el pa\u00eds\u201d se indic\u00f3.<\/p>\n<p>&nbsp;<\/p>\n<blockquote><p>La finalidad es \u201cestar presente en dependencias a las que los ciudadanos concurren habitualmente, dando respuesta a todo tipo de tr\u00e1mites y consultas previsionales y as\u00ed evitar el traslado espec\u00edfico a las delegaciones del organismo\u201d.<\/p><\/blockquote>\n","protected":false},"excerpt":{"rendered":"<p>El lunes atender\u00e1 en el Centro de Jubilados de Loma Negra de 9 a 12. Seguir\u00e1 en Sierras Bayas y<\/p>\n","protected":false},"author":4,"featured_media":40390,"comment_status":"closed","ping_status":"closed","sticky":false,"template":"","format":"standard","meta":{"_jetpack_memberships_contains_paid_content":false,"footnotes":""},"categories":[5,1],"tags":[],"class_list":["post-40389","post","type-post","status-publish","format-standard","has-post-thumbnail","hentry","category-informacion-general","category-portada"],"jetpack_featured_media_url":"https:\/\/i0.wp.com\/cdnoticias.com\/wp-content\/uploads\/2021\/12\/anses-localidades-2.jpeg?fit=960%2C636&ssl=1","jetpack_sharing_enabled":true,"_links":{"self":[{"href":"https:\/\/cdnoticias.com\/index.php\/wp-json\/wp\/v2\/posts\/40389","targetHints":{"allow":["GET"]}}],"collection":[{"href":"https:\/\/cdnoticias.com\/index.php\/wp-json\/wp\/v2\/posts"}],"about":[{"href":"https:\/\/cdnoticias.com\/index.php\/wp-json\/wp\/v2\/types\/post"}],"author":[{"embeddable":true,"href":"https:\/\/cdnoticias.com\/index.php\/wp-json\/wp\/v2\/users\/4"}],"replies":[{"embeddable":true,"href":"https:\/\/cdnoticias.com\/index.php\/wp-json\/wp\/v2\/comments?post=40389"}],"version-history":[{"count":0,"href":"https:\/\/cdnoticias.com\/index.php\/wp-json\/wp\/v2\/posts\/40389\/revisions"}],"wp:featuredmedia":[{"embeddable":true,"href":"https:\/\/cdnoticias.com\/index.php\/wp-json\/wp\/v2\/media\/40390"}],"wp:attachment":[{"href":"https:\/\/cdnoticias.com\/index.php\/wp-json\/wp\/v2\/media?parent=40389"}],"wp:term":[{"taxonomy":"category","embeddable":true,"href":"https:\/\/cdnoticias.com\/index.php\/wp-json\/wp\/v2\/categories?post=40389"},{"taxonomy":"post_tag","embeddable":true,"href":"https:\/\/cdnoticias.com\/index.php\/wp-json\/wp\/v2\/tags?post=40389"}],"curies":[{"name":"wp","href":"https:\/\/api.w.org\/{rel}","templated":true}]}}