{"id":40383,"date":"2021-12-03T10:02:56","date_gmt":"2021-12-03T13:02:56","guid":{"rendered":"http:\/\/www.centraldenoticias.com.ar\/?p=40383"},"modified":"2021-12-03T11:51:53","modified_gmt":"2021-12-03T14:51:53","slug":"con-la-presencia-de-kicillof-y-videoconferencia-de-fernandez-se-inaugura-lamali-ii","status":"publish","type":"post","link":"https:\/\/cdnoticias.com\/index.php\/2021\/12\/03\/con-la-presencia-de-kicillof-y-videoconferencia-de-fernandez-se-inaugura-lamali-ii\/","title":{"rendered":"Con la presencia de Kicillof y videoconferencia de Fern\u00e1ndez, se inaugura L\u00b4Amal\u00ed II"},"content":{"rendered":"<p>Las actividades comenzar\u00e1n a las 11.30 y se extender\u00e1n hasta las 17. Se prev\u00e9 tambi\u00e9n la presencia del ministro Jorge Ferraresi.<!--more--><\/p>\n<hr \/>\n<p>Desde las 11.30 <a href=\"https:\/\/cdnoticias.com\/index.php\/2021\/11\/18\/el-3-de-diciembre-se-inaugurara-la-nueva-planta-de-lamali\/\">comenzar\u00e1n las actividades<\/a> de <strong>inauguraci\u00f3n de la nueva l\u00ednea de producci\u00f3n en la planta L\u00b4Amal\u00ed de la empresa Loma Negra<\/strong>.<\/p>\n<p>&nbsp;<\/p>\n<p>Se trata de <strong>un acto de recepci\u00f3n en el que estar\u00e1n proveedores y clientes<\/strong> de la empresa cementera, que <strong>ser\u00e1 encabezado por el CEO Sergio Faifman y donde participar\u00e1n las m\u00e1ximas autoridades de la Naci\u00f3n y la Provincia<\/strong>.<\/p>\n<p>&nbsp;<\/p>\n<p>Se extender\u00e1 hasta 17 horas e incluye <strong>la ceremonia del corte de cintas y un almuerzo<\/strong>, entre otras actividades.<\/p>\n<p>&nbsp;<\/p>\n<p><strong>Para las 13 horas est\u00e1 prevista la llegada del gobernador Axel Kicillof<\/strong>. Con \u00e9l se realizar\u00e1 el acto formal de inauguraci\u00f3n y tambi\u00e9n se confirm\u00f3 que estar\u00e1 en la empresa <strong>el ministro nacional de Desarrollo Territorial y H\u00e1bitat, Jorge Ferraresi<\/strong>.<\/p>\n<p>&nbsp;<\/p>\n<blockquote><p>El acto formal tendr\u00e1 la interpretaci\u00f3n del Himno Nacional a cargo de la Orquesta Sinf\u00f3nica de Olavarr\u00eda, seguir\u00e1 con las palabras de apertura de Faifman y luego hablar\u00e1 Kicillof. Seguir\u00e1 con el corte de cintas y cerrar\u00e1 con una recorrida de las autoridades por la planta.<\/p><\/blockquote>\n<p>&nbsp;<\/p>\n<p>Cabe se\u00f1alar que hasta el momento, no se prev\u00e9 la llegada de ministros bonaerenses junto con el mandatario provincial. En tanto, <strong>estar\u00e1 presente el subsecretario de Miner\u00eda de la provincia, el olavarriense Federico Aguilera<\/strong>. Asimismo, lo har\u00e1 <strong>el intendente Ezequiel Galli<\/strong>.<\/p>\n<p>&nbsp;<\/p>\n<blockquote><p>El cierre del programa previsto para la inauguraci\u00f3n tendr\u00e1 al presidente de la Naci\u00f3n, Alberto Fern\u00e1ndez, quien participar\u00e1 a trav\u00e9s de una videoconferencia. Trascendi\u00f3 que estar\u00e1 tambi\u00e9n junto al mandatario el Presidente de la C\u00e1mara de Diputados de la Naci\u00f3n, Sergio Massa.<\/p><\/blockquote>\n<p>&nbsp;<\/p>\n<p>Desde Presidencia, se destac\u00f3 que <em>la nueva planta L\u2019Amal\u00ed \u201cimplic\u00f3 una ampliaci\u00f3n del 40 por ciento de la capacidad total de la empresa y demand\u00f3 una inversi\u00f3n de aproximadamente 350 millones de d\u00f3lares\u201d<\/em>.<\/p>\n","protected":false},"excerpt":{"rendered":"<p>Las actividades comenzar\u00e1n a las 11.30 y se extender\u00e1n hasta las 17. Se prev\u00e9 tambi\u00e9n la presencia del ministro Jorge<\/p>\n","protected":false},"author":4,"featured_media":36569,"comment_status":"closed","ping_status":"closed","sticky":false,"template":"","format":"standard","meta":{"_jetpack_memberships_contains_paid_content":false,"footnotes":""},"categories":[4,1],"tags":[],"class_list":["post-40383","post","type-post","status-publish","format-standard","has-post-thumbnail","hentry","category-politica","category-portada"],"jetpack_featured_media_url":"https:\/\/i0.wp.com\/cdnoticias.com\/wp-content\/uploads\/2021\/10\/loma-negra-lamali-cemento-01.jpg?fit=800%2C533&ssl=1","jetpack_sharing_enabled":true,"_links":{"self":[{"href":"https:\/\/cdnoticias.com\/index.php\/wp-json\/wp\/v2\/posts\/40383","targetHints":{"allow":["GET"]}}],"collection":[{"href":"https:\/\/cdnoticias.com\/index.php\/wp-json\/wp\/v2\/posts"}],"about":[{"href":"https:\/\/cdnoticias.com\/index.php\/wp-json\/wp\/v2\/types\/post"}],"author":[{"embeddable":true,"href":"https:\/\/cdnoticias.com\/index.php\/wp-json\/wp\/v2\/users\/4"}],"replies":[{"embeddable":true,"href":"https:\/\/cdnoticias.com\/index.php\/wp-json\/wp\/v2\/comments?post=40383"}],"version-history":[{"count":0,"href":"https:\/\/cdnoticias.com\/index.php\/wp-json\/wp\/v2\/posts\/40383\/revisions"}],"wp:featuredmedia":[{"embeddable":true,"href":"https:\/\/cdnoticias.com\/index.php\/wp-json\/wp\/v2\/media\/36569"}],"wp:attachment":[{"href":"https:\/\/cdnoticias.com\/index.php\/wp-json\/wp\/v2\/media?parent=40383"}],"wp:term":[{"taxonomy":"category","embeddable":true,"href":"https:\/\/cdnoticias.com\/index.php\/wp-json\/wp\/v2\/categories?post=40383"},{"taxonomy":"post_tag","embeddable":true,"href":"https:\/\/cdnoticias.com\/index.php\/wp-json\/wp\/v2\/tags?post=40383"}],"curies":[{"name":"wp","href":"https:\/\/api.w.org\/{rel}","templated":true}]}}