{"id":40380,"date":"2021-12-03T09:13:39","date_gmt":"2021-12-03T12:13:39","guid":{"rendered":"http:\/\/www.centraldenoticias.com.ar\/?p=40380"},"modified":"2021-12-03T09:13:39","modified_gmt":"2021-12-03T12:13:39","slug":"cambio-de-sede-para-el-operativo-de-documentacion","status":"publish","type":"post","link":"https:\/\/cdnoticias.com\/index.php\/2021\/12\/03\/cambio-de-sede-para-el-operativo-de-documentacion\/","title":{"rendered":"Cambio de sede para el Operativo de documentaci\u00f3n"},"content":{"rendered":"<p>Desde el Renaper se indic\u00f3 que debido a las condiciones clim\u00e1ticas se har\u00e1 en la iglesia \u201cInmaculada Concepci\u00f3n\u201d. Se extender\u00e1 hasta las 17.<!--more--><\/p>\n<hr \/>\n<p><strong>Debido a las lluvias pronosticadas para este viernes<\/strong> la actividad que llevar\u00e1 adelante el Registro Nacional de las Personas (Renaper) en el barrio Coronel Dorrego de Olavarr\u00eda,<strong> se realizar\u00e1 en la iglesia \u201cInmaculada Concepci\u00f3n\u201d<\/strong>.<\/p>\n<p>&nbsp;<\/p>\n<p>La instituci\u00f3n se ubica en diagonal a la plaza, <strong>en Necochea y Calle 17<\/strong>.<\/p>\n<p>&nbsp;<\/p>\n<p>Por disposici\u00f3n del Ministerio del Interior, el Registro Nacional de las Personas desarrollar\u00e1 este viernes un <strong>operativo territorial en nuestro distrito para que vecinos y vecinas puedan tramitar DNIs, pasaportes y certificados de pre-identificaci\u00f3n<\/strong>.<\/p>\n<p>&nbsp;<\/p>\n<p>El operativo <strong>atender\u00e1 de 9 a 17 horas<\/strong>, la atenci\u00f3n ser\u00e1 por orden de llegada y se emitir\u00e1n 200 turnos m\u00e1ximo.<\/p>\n","protected":false},"excerpt":{"rendered":"<p>Desde el Renaper se indic\u00f3 que debido a las condiciones clim\u00e1ticas se har\u00e1 en la iglesia \u201cInmaculada Concepci\u00f3n\u201d. Se extender\u00e1<\/p>\n","protected":false},"author":4,"featured_media":40381,"comment_status":"closed","ping_status":"closed","sticky":false,"template":"","format":"standard","meta":{"_jetpack_memberships_contains_paid_content":false,"footnotes":""},"categories":[5,1],"tags":[],"class_list":["post-40380","post","type-post","status-publish","format-standard","has-post-thumbnail","hentry","category-informacion-general","category-portada"],"jetpack_featured_media_url":"https:\/\/i0.wp.com\/cdnoticias.com\/wp-content\/uploads\/2021\/12\/iglesia-inmaculada-concepci%C3%B3n.jpeg?fit=1225%2C690&ssl=1","jetpack_sharing_enabled":true,"_links":{"self":[{"href":"https:\/\/cdnoticias.com\/index.php\/wp-json\/wp\/v2\/posts\/40380","targetHints":{"allow":["GET"]}}],"collection":[{"href":"https:\/\/cdnoticias.com\/index.php\/wp-json\/wp\/v2\/posts"}],"about":[{"href":"https:\/\/cdnoticias.com\/index.php\/wp-json\/wp\/v2\/types\/post"}],"author":[{"embeddable":true,"href":"https:\/\/cdnoticias.com\/index.php\/wp-json\/wp\/v2\/users\/4"}],"replies":[{"embeddable":true,"href":"https:\/\/cdnoticias.com\/index.php\/wp-json\/wp\/v2\/comments?post=40380"}],"version-history":[{"count":0,"href":"https:\/\/cdnoticias.com\/index.php\/wp-json\/wp\/v2\/posts\/40380\/revisions"}],"wp:featuredmedia":[{"embeddable":true,"href":"https:\/\/cdnoticias.com\/index.php\/wp-json\/wp\/v2\/media\/40381"}],"wp:attachment":[{"href":"https:\/\/cdnoticias.com\/index.php\/wp-json\/wp\/v2\/media?parent=40380"}],"wp:term":[{"taxonomy":"category","embeddable":true,"href":"https:\/\/cdnoticias.com\/index.php\/wp-json\/wp\/v2\/categories?post=40380"},{"taxonomy":"post_tag","embeddable":true,"href":"https:\/\/cdnoticias.com\/index.php\/wp-json\/wp\/v2\/tags?post=40380"}],"curies":[{"name":"wp","href":"https:\/\/api.w.org\/{rel}","templated":true}]}}