{"id":40347,"date":"2021-12-05T09:23:26","date_gmt":"2021-12-05T12:23:26","guid":{"rendered":"http:\/\/www.centraldenoticias.com.ar\/?p=40347"},"modified":"2021-12-05T09:23:26","modified_gmt":"2021-12-05T12:23:26","slug":"la-mayoria-de-los-graduados-de-nuestros-profesorados-estan-insertos-en-el-mundo-laboral","status":"publish","type":"post","link":"https:\/\/cdnoticias.com\/index.php\/2021\/12\/05\/la-mayoria-de-los-graduados-de-nuestros-profesorados-estan-insertos-en-el-mundo-laboral\/","title":{"rendered":"\u201cLa mayor\u00eda de los graduados de nuestros profesorados est\u00e1n insertos en el mundo laboral\u201d"},"content":{"rendered":"<p>Entre las carreras de grado que ofrece la Facultad de Ciencias Sociales se encuentran los profesorados de Antropolog\u00eda y de Comunicaci\u00f3n. Gabriela Casenave cont\u00f3 cu\u00e1les son las caracter\u00edsticas de estas propuestas.<!--more--><\/p>\n<hr \/>\n<p>Dos de las carreras de grado de la Facultad de Ciencias Sociales para las que se encuentra abierta la inscripci\u00f3n para el pr\u00f3ximo a\u00f1o son los <strong>profesorados de Comunicaci\u00f3n y de Antropolog\u00eda<\/strong>, que tienen una duraci\u00f3n de cuatro a\u00f1os y medio de cursada.<\/p>\n<p>&nbsp;<\/p>\n<p>\u201cQuienes lo cursen podr\u00e1n hacer un recorrido por una formaci\u00f3n que tiene que ver con lo educativo, siempre en articulaci\u00f3n con los saberes del campo de la antropolog\u00eda y tambi\u00e9n de la comunicaci\u00f3n\u201d, defini\u00f3 la Esp. Casenave, docente e investigadora de la FACSO.<\/p>\n<p>&nbsp;<\/p>\n<p>Estas carreras son coordinadas por el Departamento de Educaci\u00f3n, y si bien cada profesorado tiene un recorrido curricular diferente,<strong> en ambos casos hay estudiantes que inician su trayectoria educativa por las carreras de licenciatura y despu\u00e9s cobran inter\u00e9s en el \u00e1mbito educativo y se involucran en los profesorados o viceversa<\/strong>, producto de la estrecha relaci\u00f3n entre ambas carreras.<\/p>\n<p>&nbsp;<\/p>\n<p>La Prof. Casenave agreg\u00f3 que, como particularidad de estas carreras, <em>\u201ccasi la totalidad de los graduados de nuestros profesorados est\u00e1n insertos en el mundo laboral, y adem\u00e1s la salida laboral de nuestros profesorados es muy amplia\u201d.<\/em><strong> Tal es as\u00ed que pueden desempe\u00f1arse en los niveles secundario, terciario y universitario.<\/strong><\/p>\n<p>&nbsp;<\/p>\n<p>Adem\u00e1s, <strong>tambi\u00e9n hay graduados\/as que desarrollan sus actividades en equipos de orientaci\u00f3n escolar o en el \u00e1rea de la investigaci\u00f3n en educaci\u00f3n<\/strong>, por ejemplo. Inclusive en los \u00faltimos a\u00f1os se registr\u00f3 un notable crecimiento de espacios educativos no escolares vinculados a ramas socioeducativas, en lo que hace a programas estatales o de articulaci\u00f3n entre la universidad y ciertos espacios de la sociedad civil.<\/p>\n<p>&nbsp;<\/p>\n<p>La oferta acad\u00e9mica de la FACSO para el ciclo lectivo 2022 incluye las carreras de grado de Periodismo, Licenciatura en Comunicaci\u00f3n Social, Licenciatura en Antropolog\u00eda orientaci\u00f3n Social, Licenciatura en Antropolog\u00eda orientaci\u00f3n Arqueolog\u00eda, Profesorado de Comunicaci\u00f3n Social y Profesorado de Antropolog\u00eda. Quienes est\u00e9n interesados\/as en inscribirse puede hacerlo<a href=\"https:\/\/www.soc.unicen.edu.ar\/index.php\/ingresantes\/inscripcion2022\" target=\"_blank\" rel=\"noopener\"> aqu\u00ed.<\/a><\/p>\n<p>&nbsp;<\/p>\n<p><strong>Una instancia de reflexi\u00f3n cr\u00edtica<\/strong><\/p>\n<p>&nbsp;<\/p>\n<p>En cuanto a los contenidos que se dictan en los profesorados, la Esp. Casenave destac\u00f3 que <em>\u201ces una oportunidad para poder reflexionar cr\u00edticamente sobre los procesos educativos y sobre los sujetos, los actores que conforman los \u00e1mbitos educativos en contexto\u201d.<\/em><\/p>\n<p>&nbsp;<\/p>\n<blockquote><p>\u201cUna de las instancias m\u00e1s interesantes que tienen como propuesta los profesorados precisamente es la reflexi\u00f3n sobre las pr\u00e1cticas de los docentes y en qu\u00e9 contextos se desarrollan\u201d, agreg\u00f3.<\/p><\/blockquote>\n<p>&nbsp;<\/p>\n<p>Finalmente expres\u00f3 que dentro de los objetivos de estas carreras se encuentra <strong><em>\u201cel acompa\u00f1amiento sostenido\u201d<\/em><\/strong> de los y las estudiantes a lo largo de todo el ciclo, as\u00ed como la <em>\u201cpreocupaci\u00f3n por pensar que la formaci\u00f3n profesional tambi\u00e9n tiene que ver con nuestros recorridos personales\u201d.<\/em><\/p>\n<p>&nbsp;<\/p>\n<p><a href=\"https:\/\/cdnoticias.com\/index.php\/2021\/12\/02\/continua-abierta-la-inscripcion-a-las-carreras-que-ofrece-la-facultad-de-ciencias-sociales\/\" target=\"_blank\" rel=\"noopener\">Hasta el 29 de diciembre pod\u00e9s inscribirte en las carreras de la Facultad de Ciencias Sociales.<\/a><\/p>\n","protected":false},"excerpt":{"rendered":"<p>Entre las carreras de grado que ofrece la Facultad de Ciencias Sociales se encuentran los profesorados de Antropolog\u00eda y de<\/p>\n","protected":false},"author":5,"featured_media":40349,"comment_status":"closed","ping_status":"closed","sticky":false,"template":"","format":"standard","meta":{"_jetpack_memberships_contains_paid_content":false,"footnotes":""},"categories":[5,1],"tags":[],"class_list":["post-40347","post","type-post","status-publish","format-standard","has-post-thumbnail","hentry","category-informacion-general","category-portada"],"jetpack_featured_media_url":"https:\/\/i0.wp.com\/cdnoticias.com\/wp-content\/uploads\/2021\/12\/profesorados.jpg?fit=800%2C467&ssl=1","jetpack_sharing_enabled":true,"_links":{"self":[{"href":"https:\/\/cdnoticias.com\/index.php\/wp-json\/wp\/v2\/posts\/40347","targetHints":{"allow":["GET"]}}],"collection":[{"href":"https:\/\/cdnoticias.com\/index.php\/wp-json\/wp\/v2\/posts"}],"about":[{"href":"https:\/\/cdnoticias.com\/index.php\/wp-json\/wp\/v2\/types\/post"}],"author":[{"embeddable":true,"href":"https:\/\/cdnoticias.com\/index.php\/wp-json\/wp\/v2\/users\/5"}],"replies":[{"embeddable":true,"href":"https:\/\/cdnoticias.com\/index.php\/wp-json\/wp\/v2\/comments?post=40347"}],"version-history":[{"count":0,"href":"https:\/\/cdnoticias.com\/index.php\/wp-json\/wp\/v2\/posts\/40347\/revisions"}],"wp:featuredmedia":[{"embeddable":true,"href":"https:\/\/cdnoticias.com\/index.php\/wp-json\/wp\/v2\/media\/40349"}],"wp:attachment":[{"href":"https:\/\/cdnoticias.com\/index.php\/wp-json\/wp\/v2\/media?parent=40347"}],"wp:term":[{"taxonomy":"category","embeddable":true,"href":"https:\/\/cdnoticias.com\/index.php\/wp-json\/wp\/v2\/categories?post=40347"},{"taxonomy":"post_tag","embeddable":true,"href":"https:\/\/cdnoticias.com\/index.php\/wp-json\/wp\/v2\/tags?post=40347"}],"curies":[{"name":"wp","href":"https:\/\/api.w.org\/{rel}","templated":true}]}}