{"id":40308,"date":"2021-12-02T09:34:38","date_gmt":"2021-12-02T12:34:38","guid":{"rendered":"http:\/\/www.centraldenoticias.com.ar\/?p=40308"},"modified":"2021-12-02T09:34:38","modified_gmt":"2021-12-02T12:34:38","slug":"detenido-por-graves-acusaciones-en-un-caso-de-violencia-de-genero","status":"publish","type":"post","link":"https:\/\/cdnoticias.com\/index.php\/2021\/12\/02\/detenido-por-graves-acusaciones-en-un-caso-de-violencia-de-genero\/","title":{"rendered":"Detenido por graves acusaciones en un caso de violencia de g\u00e9nero"},"content":{"rendered":"<p>Es un hombre de 38 a\u00f1os sobre quien reca\u00eda la orden de detenci\u00f3n solicitada por la UFI N\u00b0 5. Se lo acus\u00f3 de 12 hechos de amenazas, coacci\u00f3n y desobediencia.<!--more--><\/p>\n<hr \/>\n<p><strong>Un hombre de 38 a\u00f1os fue detenido<\/strong> en las \u00faltimas horas en Olavarr\u00eda acusado en<strong> un grave caso de violencia de g\u00e9nero por 12 hechos distintos<\/strong>.\u00a0Seg\u00fan se detall\u00f3 de manera oficial, intervinieron el <em>Gabinete de Investigaci\u00f3n de la Comisar\u00eda Primera<\/em> junto con personal de la <em>Comisar\u00eda de la Mujer<\/em>.<\/p>\n<p>&nbsp;<\/p>\n<p>Tras realizar <strong>amplias investigaciones y tareas de encubierto<\/strong> en distintos puntos de la ciudad el acusado <strong>fue hallado en Pringles y Rufino Fal<\/strong> donde se procedi\u00f3 a la detenci\u00f3n.<\/p>\n<p>&nbsp;<\/p>\n<p>La orden hab\u00eda sido emitida por el Juzgado de Garant\u00edas N\u00b0 1 de Olavarr\u00eda a <strong>requerimiento de la UFI N\u00ba 5 especializada en Violencia Familiar y de G\u00e9nero<\/strong> de Olavarr\u00eda, a cargo de a fiscal Viviana Beyt\u00eda.<\/p>\n<p>&nbsp;<\/p>\n<p>El detenido fue <strong>trasladado y alojado en sede de la Comisar\u00eda Primera<\/strong> a disposici\u00f3n del magistrado interviniente.<\/p>\n<p>&nbsp;<\/p>\n<blockquote><p>Est\u00e1 acusado por &#8220;amenazas simples -tres hechos-, coacci\u00f3n simple -dos hechos- y desobediencia -siete hechos- en concurso ideal y real y en contexto de violencia de g\u00e9nero&#8221;.<\/p><\/blockquote>\n<p>&nbsp;<\/p>\n<p><em>Si sos v\u00edctima o conoces alguien que est\u00e9 sufriendo violencia de g\u00e9nero comun\u00edcate al 144.<\/em><\/p>\n<p>&nbsp;<\/p>\n<p><em>Adem\u00e1s Olavarr\u00eda cuenta con la Direcci\u00f3n de Pol\u00edticas de G\u00e9nero, San Mart\u00edn N\u00b01106 de lunes a viernes de 8 a 18 o mediante los tel\u00e9fonos 02284 417400\u00a0 o el celular de guardia: 02284 \u2013 15672508.<\/em><\/p>\n<p>&nbsp;<\/p>\n<p><em>A la par, tambi\u00e9n te pod\u00e9s acercar a la Comisar\u00eda De la Mujer y la Familia en 9 de Julio 2652 o al tel\u00e9fono 2284 480100; o la sede judicial local, en Rufino Fal 2943, tel\u00e9fono 2284 423427.<\/em><\/p>\n","protected":false},"excerpt":{"rendered":"<p>Es un hombre de 38 a\u00f1os sobre quien reca\u00eda la orden de detenci\u00f3n solicitada por la UFI N\u00b0 5. Se<\/p>\n","protected":false},"author":4,"featured_media":40312,"comment_status":"closed","ping_status":"closed","sticky":false,"template":"","format":"standard","meta":{"_jetpack_memberships_contains_paid_content":false,"footnotes":""},"categories":[14,1],"tags":[],"class_list":["post-40308","post","type-post","status-publish","format-standard","has-post-thumbnail","hentry","category-policiales","category-portada"],"jetpack_featured_media_url":"https:\/\/i0.wp.com\/cdnoticias.com\/wp-content\/uploads\/2021\/12\/aprehendido-Fal-y-Pringles-genero.jpg?fit=1154%2C642&ssl=1","jetpack_sharing_enabled":true,"_links":{"self":[{"href":"https:\/\/cdnoticias.com\/index.php\/wp-json\/wp\/v2\/posts\/40308","targetHints":{"allow":["GET"]}}],"collection":[{"href":"https:\/\/cdnoticias.com\/index.php\/wp-json\/wp\/v2\/posts"}],"about":[{"href":"https:\/\/cdnoticias.com\/index.php\/wp-json\/wp\/v2\/types\/post"}],"author":[{"embeddable":true,"href":"https:\/\/cdnoticias.com\/index.php\/wp-json\/wp\/v2\/users\/4"}],"replies":[{"embeddable":true,"href":"https:\/\/cdnoticias.com\/index.php\/wp-json\/wp\/v2\/comments?post=40308"}],"version-history":[{"count":0,"href":"https:\/\/cdnoticias.com\/index.php\/wp-json\/wp\/v2\/posts\/40308\/revisions"}],"wp:featuredmedia":[{"embeddable":true,"href":"https:\/\/cdnoticias.com\/index.php\/wp-json\/wp\/v2\/media\/40312"}],"wp:attachment":[{"href":"https:\/\/cdnoticias.com\/index.php\/wp-json\/wp\/v2\/media?parent=40308"}],"wp:term":[{"taxonomy":"category","embeddable":true,"href":"https:\/\/cdnoticias.com\/index.php\/wp-json\/wp\/v2\/categories?post=40308"},{"taxonomy":"post_tag","embeddable":true,"href":"https:\/\/cdnoticias.com\/index.php\/wp-json\/wp\/v2\/tags?post=40308"}],"curies":[{"name":"wp","href":"https:\/\/api.w.org\/{rel}","templated":true}]}}