{"id":4029,"date":"2020-10-15T17:59:28","date_gmt":"2020-10-15T20:59:28","guid":{"rendered":"http:\/\/www.centraldenoticias.com.ar\/?p=4029"},"modified":"2020-10-15T19:49:50","modified_gmt":"2020-10-15T22:49:50","slug":"barrio-educadores-hoy-estamos-muy-esperanzados","status":"publish","type":"post","link":"https:\/\/cdnoticias.com\/index.php\/2020\/10\/15\/barrio-educadores-hoy-estamos-muy-esperanzados\/","title":{"rendered":"Barrio Educadores: \u201cHoy estamos muy esperanzados\u201d"},"content":{"rendered":"<p>As\u00ed se proclamaron desde la Asociaci\u00f3n Civil barrial, en el marco de la recorrida realizada este jueves por Federico Aguilera, quien se reuni\u00f3 con vecinos y preadjudicatarios.<\/p>\n<p><!--more--><\/p>\n<hr \/>\n<p><strong>\u201cDespu\u00e9s de veinte a\u00f1os de ir realizando y entregando cada una de las\u00a0 viviendas, haciendo la plaza, una iglesia y mejorando las calles, hoy estamos muy esperanzados que gracias a las gestiones de Federico Aguilera y a las pol\u00edticas de obra p\u00fablica que promover\u00e1 la actual gesti\u00f3n de la provincia\u201d<\/strong>, puede leerse en el inicio de un escrito emitido desde la Asociaci\u00f3n Civil del Barrio Educadores tras la visita realizada este jueves por el subsecretario de miner\u00eda bonaerense.<\/p>\n<p>&nbsp;<\/p>\n<p><strong>El encuentro se desarroll\u00f3 en el inicio de la tarde en el barrio, donde se acercaron vecinos y preadjudicatarios que hace ya varios a\u00f1os que esperan por sus casas<\/strong>. En total son 21 las viviendas que restan concluir.<\/p>\n<p>&nbsp;<\/p>\n<p><img data-recalc-dims=\"1\" loading=\"lazy\" decoding=\"async\" class=\"alignnone size-large wp-image-4030\" src=\"https:\/\/i0.wp.com\/cdnoticias.com\/wp-content\/uploads\/2020\/10\/WhatsApp-Image-2020-10-15-at-16.43.41.jpeg?resize=800%2C600&#038;ssl=1\" alt=\"\" width=\"800\" height=\"600\" srcset=\"https:\/\/i0.wp.com\/cdnoticias.com\/wp-content\/uploads\/2020\/10\/WhatsApp-Image-2020-10-15-at-16.43.41.jpeg?resize=1024%2C768&amp;ssl=1 1024w, https:\/\/i0.wp.com\/cdnoticias.com\/wp-content\/uploads\/2020\/10\/WhatsApp-Image-2020-10-15-at-16.43.41.jpeg?resize=300%2C225&amp;ssl=1 300w, https:\/\/i0.wp.com\/cdnoticias.com\/wp-content\/uploads\/2020\/10\/WhatsApp-Image-2020-10-15-at-16.43.41.jpeg?resize=768%2C576&amp;ssl=1 768w, https:\/\/i0.wp.com\/cdnoticias.com\/wp-content\/uploads\/2020\/10\/WhatsApp-Image-2020-10-15-at-16.43.41.jpeg?w=1040&amp;ssl=1 1040w\" sizes=\"auto, (max-width: 800px) 100vw, 800px\" \/><\/p>\n<p>&nbsp;<\/p>\n<p>Para dar real dimensi\u00f3n de lo hecho y la lucha se hizo un recorrido hist\u00f3rico del barrio. \u201c<strong>La historia del barrio, por esfuerzo propio, arranco el 2001 comprando la tierra. Con altas y bajas, con demoras y promesas,\u00a0 de a poco y haci\u00e9ndolo con nuestra propia administraci\u00f3n se fue avanzando en la construcci\u00f3n de las 125 viviendas, con las diferentes gestiones del instituto de la vivienda provincial y el apoyo de la actual administraci\u00f3n municipal\u201d<\/strong>, se narr\u00f3.<\/p>\n<p>&nbsp;<\/p>\n<p><strong>\u201cAs\u00ed se fueron entregando por peque\u00f1as etapas, sin empresas constructoras y administrando desde la Asociaci\u00f3n Civil directamente los recursos del instituto de la Vivienda\u201d<\/strong>, se a\u00f1adi\u00f3.<\/p>\n<p>&nbsp;<\/p>\n<p><img data-recalc-dims=\"1\" loading=\"lazy\" decoding=\"async\" class=\"alignnone size-large wp-image-4031\" src=\"https:\/\/i0.wp.com\/cdnoticias.com\/wp-content\/uploads\/2020\/10\/WhatsApp-Image-2020-10-15-at-17.20.41.jpeg?resize=800%2C600&#038;ssl=1\" alt=\"\" width=\"800\" height=\"600\" srcset=\"https:\/\/i0.wp.com\/cdnoticias.com\/wp-content\/uploads\/2020\/10\/WhatsApp-Image-2020-10-15-at-17.20.41.jpeg?resize=1024%2C768&amp;ssl=1 1024w, https:\/\/i0.wp.com\/cdnoticias.com\/wp-content\/uploads\/2020\/10\/WhatsApp-Image-2020-10-15-at-17.20.41.jpeg?resize=300%2C225&amp;ssl=1 300w, https:\/\/i0.wp.com\/cdnoticias.com\/wp-content\/uploads\/2020\/10\/WhatsApp-Image-2020-10-15-at-17.20.41.jpeg?resize=768%2C576&amp;ssl=1 768w, https:\/\/i0.wp.com\/cdnoticias.com\/wp-content\/uploads\/2020\/10\/WhatsApp-Image-2020-10-15-at-17.20.41.jpeg?w=1040&amp;ssl=1 1040w\" sizes=\"auto, (max-width: 800px) 100vw, 800px\" \/><\/p>\n<p>&nbsp;<\/p>\n<p>\u201cAhora, esperamos que nos puedan ayudar a terminar las \u00faltimas 21 viviendas que faltan y que est\u00e1n con los terrenos y el agua gas y luz listos. Esperando este \u00faltimo cr\u00e9dito, <strong>esta comisi\u00f3n acaba de limpiar y ordenar dicho lugar\u201d, se enfatiz\u00f3, a la par que se compartieron im\u00e1genes en las que se pueden ver esas labores.<\/strong><\/p>\n<p>&nbsp;<\/p>\n<p><strong>\u201cEstas 21 viviendas que faltan concluyen nuestra larga historia, de docentes que ya se han jubilado y algunos desgraciadamente ya no est\u00e1n con nosotros, por eso agradecemos y pedimos poder terminar lo antes posible\u201d<\/strong>, concluyeron.<\/p>\n","protected":false},"excerpt":{"rendered":"<p>As\u00ed se proclamaron desde la Asociaci\u00f3n Civil barrial, en el marco de la recorrida realizada este jueves por Federico Aguilera,<\/p>\n","protected":false},"author":3,"featured_media":4032,"comment_status":"closed","ping_status":"closed","sticky":false,"template":"","format":"standard","meta":{"_jetpack_memberships_contains_paid_content":false,"footnotes":""},"categories":[5,1],"tags":[],"class_list":["post-4029","post","type-post","status-publish","format-standard","has-post-thumbnail","hentry","category-informacion-general","category-portada"],"jetpack_featured_media_url":"https:\/\/i0.wp.com\/cdnoticias.com\/wp-content\/uploads\/2020\/10\/WhatsApp-Image-2020-10-15-at-17.21.12.jpeg?fit=1280%2C960&ssl=1","jetpack_sharing_enabled":true,"_links":{"self":[{"href":"https:\/\/cdnoticias.com\/index.php\/wp-json\/wp\/v2\/posts\/4029","targetHints":{"allow":["GET"]}}],"collection":[{"href":"https:\/\/cdnoticias.com\/index.php\/wp-json\/wp\/v2\/posts"}],"about":[{"href":"https:\/\/cdnoticias.com\/index.php\/wp-json\/wp\/v2\/types\/post"}],"author":[{"embeddable":true,"href":"https:\/\/cdnoticias.com\/index.php\/wp-json\/wp\/v2\/users\/3"}],"replies":[{"embeddable":true,"href":"https:\/\/cdnoticias.com\/index.php\/wp-json\/wp\/v2\/comments?post=4029"}],"version-history":[{"count":0,"href":"https:\/\/cdnoticias.com\/index.php\/wp-json\/wp\/v2\/posts\/4029\/revisions"}],"wp:featuredmedia":[{"embeddable":true,"href":"https:\/\/cdnoticias.com\/index.php\/wp-json\/wp\/v2\/media\/4032"}],"wp:attachment":[{"href":"https:\/\/cdnoticias.com\/index.php\/wp-json\/wp\/v2\/media?parent=4029"}],"wp:term":[{"taxonomy":"category","embeddable":true,"href":"https:\/\/cdnoticias.com\/index.php\/wp-json\/wp\/v2\/categories?post=4029"},{"taxonomy":"post_tag","embeddable":true,"href":"https:\/\/cdnoticias.com\/index.php\/wp-json\/wp\/v2\/tags?post=4029"}],"curies":[{"name":"wp","href":"https:\/\/api.w.org\/{rel}","templated":true}]}}