{"id":40281,"date":"2021-12-01T19:45:52","date_gmt":"2021-12-01T22:45:52","guid":{"rendered":"http:\/\/www.centraldenoticias.com.ar\/?p=40281"},"modified":"2021-12-01T20:48:30","modified_gmt":"2021-12-01T23:48:30","slug":"condena-de-mas-de-5-de-prision-por-un-abigeato-en-sierras-bayas","status":"publish","type":"post","link":"https:\/\/cdnoticias.com\/index.php\/2021\/12\/01\/condena-de-mas-de-5-de-prision-por-un-abigeato-en-sierras-bayas\/","title":{"rendered":"Condena de m\u00e1s de 5 a\u00f1os de prisi\u00f3n por un abigeato en Sierras Bayas"},"content":{"rendered":"<p>As\u00ed fue resuelto desde el Tribunal Oral en lo Criminal 1 de Azul. El caso se registr\u00f3 a mediados de julio del 2017 y pericias de ADN fueron claves para esclarecer el hecho.<!--more--><\/p>\n<hr \/>\n<p>En las \u00faltimas horas un juez azule\u00f1o conden\u00f3 a un olavarriense a m\u00e1s de 5 a\u00f1os de prisi\u00f3n tras haberlo hallado<strong> culpable de un abigeato ocurrido hace ya varios a\u00f1os en un establecimiento rural ubicado en el acceso a Sierras Bayas.<\/strong><\/p>\n<p>&nbsp;<\/p>\n<p>De acuerdo a lo que se pudo establecer durante las audiencias de debate, los hechos ocurrieron entre el cierre de la noche del 15 de julio y el inicio de la madrugada del 16 de julio del 2017, en el campo La Teresa, ubicado a pocos kil\u00f3metros del casco urbano de la localidad serrana. \u201cMediante el empleo de arma blanca <strong>dio muerte al degollar a dos cabezas de ganado<\/strong> mayor siendo \u00e9stos vacunos raza Aberdeen Angus negros, las que le eran totalmente ajenas (\u2026) y luego <strong>procedi\u00f3 a depostar uno de los animales<\/strong> \u00a0-usando elementos aptos para tal fin- apoder\u00e1ndose ileg\u00edtimamente de los cuartos y paletas, dejando entero -pero sin vida al restante animal-, para posteriormente retirarse del lugar\u201d, relat\u00f3 el juez Mart\u00edn Eugenio C\u00e9spedes, el Tribunal Oral en lo Criminal N\u00b0 1 de Azul.<\/p>\n<p>&nbsp;<\/p>\n<p>Se detall\u00f3 que las vacas eran de cr\u00eda y estaban pre\u00f1adas. Una de las claves para el esclarecimiento del caso fue el ocasional paso por el sector por un agente policial, a quien extra\u00f1\u00f3 los movimientos de una camioneta. Semanas m\u00e1s tarde, en el marco de un allanamiento, en un rodado de esas caracter\u00edsticas se incautar\u00edan, entre otros elementos, <strong>pelos y cuero de animal que permitieron implicarlo en los hechos<\/strong>.<\/p>\n<p>&nbsp;<\/p>\n<figure id=\"attachment_30518\" aria-describedby=\"caption-attachment-30518\" style=\"width: 800px\" class=\"wp-caption alignnone\"><img data-recalc-dims=\"1\" loading=\"lazy\" decoding=\"async\" class=\"size-large wp-image-30518\" src=\"https:\/\/i0.wp.com\/cdnoticias.com\/wp-content\/uploads\/2021\/08\/abigeato-226-2.jpeg?resize=800%2C450&#038;ssl=1\" alt=\"\" width=\"800\" height=\"450\" srcset=\"https:\/\/i0.wp.com\/cdnoticias.com\/wp-content\/uploads\/2021\/08\/abigeato-226-2.jpeg?resize=1024%2C576&amp;ssl=1 1024w, https:\/\/i0.wp.com\/cdnoticias.com\/wp-content\/uploads\/2021\/08\/abigeato-226-2.jpeg?resize=300%2C169&amp;ssl=1 300w, https:\/\/i0.wp.com\/cdnoticias.com\/wp-content\/uploads\/2021\/08\/abigeato-226-2.jpeg?resize=768%2C432&amp;ssl=1 768w, https:\/\/i0.wp.com\/cdnoticias.com\/wp-content\/uploads\/2021\/08\/abigeato-226-2.jpeg?w=1280&amp;ssl=1 1280w\" sizes=\"auto, (max-width: 800px) 100vw, 800px\" \/><figcaption id=\"caption-attachment-30518\" class=\"wp-caption-text\">Foto ilustrativa<\/figcaption><\/figure>\n<p>&nbsp;<\/p>\n<p>Fue una especialista de la Facultad de Ciencias Veterinarias de la Universidad Nacional del Centro, la doctora en Ciencia Animal L\u00eda Nora Padola, quien perit\u00f3 las muestras extra\u00eddas y lleg\u00f3 a la conclusi\u00f3n que exist\u00eda <strong>una coincidencia gen\u00e9tica entre las muestras halladas en esa camioneta y las recolectadas en la escena de los hechos.<\/strong><\/p>\n<p>&nbsp;<\/p>\n<p>En el lugar del allanamiento se incautaron adem\u00e1s cuchillas y otra serie de elementos que agravaron a\u00fan m\u00e1s la situaci\u00f3n procesal del \u00fanico acusado, Jorge Luis Baglio. Con todo ello el juez azule\u00f1o, acompa\u00f1ando los planteos del fiscal en Delitos Rurales Lucas Moyano, decidi\u00f3 aplicar la pena de <strong>5 a\u00f1os y 6 meses de prisi\u00f3n, adem\u00e1s de una multa econ\u00f3mica de $ 34.800, \u201cequivalente a dos veces el valor promedio de la hacienda sustra\u00edda al momento del hecho\u201d<\/strong>, todo por haber sido hallado culpable del delito de \u201cabigeato agravado\u201d.<\/p>\n<p>&nbsp;<\/p>\n<p>A la par, para comprender el monto de la pena, tambi\u00e9n vale dar cuenta que <strong>como agravante se comput\u00f3 \u201cel haber actuado al amparo de la nocturnidad<\/strong>, ya que tal circunstancia objetivamente considerada, puede tanto facilitar la realizaci\u00f3n del delito, por la menor capacidad de la v\u00edctima para defenderse o la de un tercero para evitar la consumaci\u00f3n\u201d.<\/p>\n","protected":false},"excerpt":{"rendered":"<p>As\u00ed fue resuelto desde el Tribunal Oral en lo Criminal 1 de Azul. El caso se registr\u00f3 a mediados de<\/p>\n","protected":false},"author":3,"featured_media":12885,"comment_status":"closed","ping_status":"closed","sticky":false,"template":"","format":"standard","meta":{"_jetpack_memberships_contains_paid_content":false,"footnotes":""},"categories":[14,1],"tags":[],"class_list":["post-40281","post","type-post","status-publish","format-standard","has-post-thumbnail","hentry","category-policiales","category-portada"],"jetpack_featured_media_url":"https:\/\/i0.wp.com\/cdnoticias.com\/wp-content\/uploads\/2021\/02\/tribunales-e1748092128270.jpg?fit=791%2C417&ssl=1","jetpack_sharing_enabled":true,"_links":{"self":[{"href":"https:\/\/cdnoticias.com\/index.php\/wp-json\/wp\/v2\/posts\/40281","targetHints":{"allow":["GET"]}}],"collection":[{"href":"https:\/\/cdnoticias.com\/index.php\/wp-json\/wp\/v2\/posts"}],"about":[{"href":"https:\/\/cdnoticias.com\/index.php\/wp-json\/wp\/v2\/types\/post"}],"author":[{"embeddable":true,"href":"https:\/\/cdnoticias.com\/index.php\/wp-json\/wp\/v2\/users\/3"}],"replies":[{"embeddable":true,"href":"https:\/\/cdnoticias.com\/index.php\/wp-json\/wp\/v2\/comments?post=40281"}],"version-history":[{"count":0,"href":"https:\/\/cdnoticias.com\/index.php\/wp-json\/wp\/v2\/posts\/40281\/revisions"}],"wp:featuredmedia":[{"embeddable":true,"href":"https:\/\/cdnoticias.com\/index.php\/wp-json\/wp\/v2\/media\/12885"}],"wp:attachment":[{"href":"https:\/\/cdnoticias.com\/index.php\/wp-json\/wp\/v2\/media?parent=40281"}],"wp:term":[{"taxonomy":"category","embeddable":true,"href":"https:\/\/cdnoticias.com\/index.php\/wp-json\/wp\/v2\/categories?post=40281"},{"taxonomy":"post_tag","embeddable":true,"href":"https:\/\/cdnoticias.com\/index.php\/wp-json\/wp\/v2\/tags?post=40281"}],"curies":[{"name":"wp","href":"https:\/\/api.w.org\/{rel}","templated":true}]}}