{"id":40269,"date":"2021-12-01T17:13:09","date_gmt":"2021-12-01T20:13:09","guid":{"rendered":"http:\/\/www.centraldenoticias.com.ar\/?p=40269"},"modified":"2021-12-01T19:46:09","modified_gmt":"2021-12-01T22:46:09","slug":"repudian-a-cementos-avellaneda-por-impedir-la-libertad-de-expresion-sindical","status":"publish","type":"post","link":"https:\/\/cdnoticias.com\/index.php\/2021\/12\/01\/repudian-a-cementos-avellaneda-por-impedir-la-libertad-de-expresion-sindical\/","title":{"rendered":"Repudian a Cementos Avellaneda por \u201cimpedir la libertad de expresi\u00f3n sindical\u201d"},"content":{"rendered":"<p>As\u00ed fue expresado a trav\u00e9s de un comunicado de prensa de la Asociaci\u00f3n Sindical de Personal Jer\u00e1rquico, Profesional y T\u00e9cnico de la actividad Minera Argentina (ASIJEMIN).<!--more--><\/p>\n<hr \/>\n<p>La <strong>Asociaci\u00f3n Sindical del Personal Jer\u00e1rquico, Profesional y T\u00e9cnico de la actividad Minera Argentina (ASIJEMIN)<\/strong>, emitieron un comunicado de prensa en el que repudiaron <em>\u201cel accionar de la empresa Cementos Avellaneda S.A. de Olavarr\u00eda, en <strong>impedir el acto eleccionario del sindicato, a desarrollarse desde el 1 hasta el 10 de diciembre, y vetar la libertad de expresi\u00f3n sindical<\/strong>, uno de los pilares fundamentales en la defensa de los derechos de los trabajadores\u201d.<\/em><\/p>\n<p>&nbsp;<\/p>\n<p>Manifestaron un<em> \u201cprofundo malestar\u201d<\/em> ante la patronal Cementos Avellaneda S.A. de Olavarr\u00eda <em>\u201cdado que hace caso omiso al Convenio 87 de la OIT, que enuncia y dispone que los trabajadores tienen el derecho colectivo de participar, en este caso ASIJEMIN, como sindicato con personer\u00eda gremial, representativo y con afiliados activos\u201d.<\/em><\/p>\n<p>&nbsp;<\/p>\n<p>Resaltaron que la empresa<em> \u201c<strong>desconoce la aplicaci\u00f3n del art\u00edculo 14 Bis de nuestra Constituci\u00f3n Nacional<\/strong>, en la que determina enf\u00e1ticamente que las leyes deben garantizar a los trabajadores a la organizaci\u00f3n sindical libre y democr\u00e1tica, y estos indicadores est\u00e1n manifestados claramente en el art\u00edculo 8 de la ley 23.551, ley de asociaciones sindicales, en donde se detalla claramente c\u00f3mo es el funcionamiento interno de los sindicatos, a trav\u00e9s de formas, modos de funcionamiento y de democracia sindical interna correcta\u201d.<\/em><\/p>\n<p>&nbsp;<\/p>\n<p>De esta forma,<strong> convocaron al Ministerio de Trabajo de la Naci\u00f3n y de la provincia de Buenos Aires, entes sindicales nacionales y organismos sindicales internacionales<\/strong><em> \u201ca que intervengan en la decisi\u00f3n desmedida tomada por Cementos Avellaneda S.A. de Olavarr\u00eda para qu\u00e9 reflexione y retroceda y, por ende, garantice la libertad y el normal funcionamiento legal de las elecciones sindicales\u201d.<\/em><\/p>\n","protected":false},"excerpt":{"rendered":"<p>As\u00ed fue expresado a trav\u00e9s de un comunicado de prensa de la Asociaci\u00f3n Sindical de Personal Jer\u00e1rquico, Profesional y T\u00e9cnico<\/p>\n","protected":false},"author":5,"featured_media":40273,"comment_status":"closed","ping_status":"closed","sticky":false,"template":"","format":"standard","meta":{"_jetpack_memberships_contains_paid_content":false,"footnotes":""},"categories":[5,1],"tags":[],"class_list":["post-40269","post","type-post","status-publish","format-standard","has-post-thumbnail","hentry","category-informacion-general","category-portada"],"jetpack_featured_media_url":"https:\/\/i0.wp.com\/cdnoticias.com\/wp-content\/uploads\/2021\/12\/cementos-avellaneda.jpg?fit=800%2C445&ssl=1","jetpack_sharing_enabled":true,"_links":{"self":[{"href":"https:\/\/cdnoticias.com\/index.php\/wp-json\/wp\/v2\/posts\/40269","targetHints":{"allow":["GET"]}}],"collection":[{"href":"https:\/\/cdnoticias.com\/index.php\/wp-json\/wp\/v2\/posts"}],"about":[{"href":"https:\/\/cdnoticias.com\/index.php\/wp-json\/wp\/v2\/types\/post"}],"author":[{"embeddable":true,"href":"https:\/\/cdnoticias.com\/index.php\/wp-json\/wp\/v2\/users\/5"}],"replies":[{"embeddable":true,"href":"https:\/\/cdnoticias.com\/index.php\/wp-json\/wp\/v2\/comments?post=40269"}],"version-history":[{"count":0,"href":"https:\/\/cdnoticias.com\/index.php\/wp-json\/wp\/v2\/posts\/40269\/revisions"}],"wp:featuredmedia":[{"embeddable":true,"href":"https:\/\/cdnoticias.com\/index.php\/wp-json\/wp\/v2\/media\/40273"}],"wp:attachment":[{"href":"https:\/\/cdnoticias.com\/index.php\/wp-json\/wp\/v2\/media?parent=40269"}],"wp:term":[{"taxonomy":"category","embeddable":true,"href":"https:\/\/cdnoticias.com\/index.php\/wp-json\/wp\/v2\/categories?post=40269"},{"taxonomy":"post_tag","embeddable":true,"href":"https:\/\/cdnoticias.com\/index.php\/wp-json\/wp\/v2\/tags?post=40269"}],"curies":[{"name":"wp","href":"https:\/\/api.w.org\/{rel}","templated":true}]}}