{"id":40258,"date":"2021-12-03T08:28:41","date_gmt":"2021-12-03T11:28:41","guid":{"rendered":"http:\/\/www.centraldenoticias.com.ar\/?p=40258"},"modified":"2021-12-03T10:03:17","modified_gmt":"2021-12-03T13:03:17","slug":"fernando-durante-venimos-haciendo-todo-muy-a-pulmon-somos-totalmente-autogestivos","status":"publish","type":"post","link":"https:\/\/cdnoticias.com\/index.php\/2021\/12\/03\/fernando-durante-venimos-haciendo-todo-muy-a-pulmon-somos-totalmente-autogestivos\/","title":{"rendered":"Fernando Durante: &#8220;Venimos haciendo todo muy a pulm\u00f3n, somos totalmente autogestivos&#8221;"},"content":{"rendered":"<p>Se realizar\u00e1 el Primer Festival Gr\u00e1fico en Olavarr\u00eda. Ser\u00e1 los d\u00edas 4 y 5 de diciembre a cargo del grupo \u00c1cido Arte Urbano. Los detalles.\u00a0<!--more--><\/p>\n<hr \/>\n<p>&nbsp;<\/p>\n<p>El <strong>Primer Festival Gr\u00e1fico<\/strong> llega a <strong>Olavarr\u00eda<\/strong> el pr\u00f3ximo<strong> s\u00e1bado 4 y domingo 5 de diciembre<\/strong> a cargo de <strong>grupo autogestivo \u00c1cido Arte Urbano<\/strong>. <strong><em>Central de Noticias<\/em><\/strong> dialog\u00f3 con <strong>Fernando Durante,<\/strong> <strong>muralista de Tapalqu\u00e9 Monster e integrante del grupo<\/strong>, quien cont\u00f3 de qu\u00e9 se va a tratar este encuentro.<\/p>\n<p>&nbsp;<\/p>\n<p>Del festival <strong>participar\u00e1n varios artistas que est\u00e1n involucrados en el grupo \u00c1cido Arte Urbano<\/strong>, artistas callejeros independientes de Olavarr\u00eda. El d\u00eda <strong>s\u00e1bado se realizar\u00e1 una jornada de murales\u00a0<\/strong>de la cual participan <strong>m\u00e1s de 17 muralistas, habr\u00e1 ferias<\/strong> y adem\u00e1s <strong>tocar\u00e1 la banda\u00a0Trashmutados<\/strong>. <strong>Ser\u00e1 en el barrio CECO, en avenida Per\u00f3n y Santa Cruz a partir de mediod\u00eda.<\/strong><\/p>\n<p>&nbsp;<\/p>\n<p>El d\u00eda <strong>domingo se desarrollar\u00e1 en la Casa del Bicentenario a partir de las 16\u00a0<\/strong>en donde habr\u00e1<strong> ferias y talleres de dibujo,\u00a0grabado, grafiti y collage.<\/strong> Adem\u00e1s <strong>tocar\u00e1 Caroline Dj y La Familia Berm\u00fadez.<\/strong> Por \u00faltimo,\u00a0<strong>habr\u00e1 una charla debate sobre arte urbano y vandalismo.<\/strong><\/p>\n<p>&nbsp;<\/p>\n<p><img data-recalc-dims=\"1\" loading=\"lazy\" decoding=\"async\" class=\"alignnone size-large wp-image-1870\" src=\"https:\/\/i0.wp.com\/cdnoticias.com\/wp-content\/uploads\/2020\/09\/ACIDOARTE04.jpg?resize=800%2C466&#038;ssl=1\" alt=\"\" width=\"800\" height=\"466\" srcset=\"https:\/\/i0.wp.com\/cdnoticias.com\/wp-content\/uploads\/2020\/09\/ACIDOARTE04.jpg?resize=1024%2C596&amp;ssl=1 1024w, https:\/\/i0.wp.com\/cdnoticias.com\/wp-content\/uploads\/2020\/09\/ACIDOARTE04.jpg?resize=300%2C175&amp;ssl=1 300w, https:\/\/i0.wp.com\/cdnoticias.com\/wp-content\/uploads\/2020\/09\/ACIDOARTE04.jpg?resize=768%2C447&amp;ssl=1 768w, https:\/\/i0.wp.com\/cdnoticias.com\/wp-content\/uploads\/2020\/09\/ACIDOARTE04.jpg?w=1232&amp;ssl=1 1232w\" sizes=\"auto, (max-width: 800px) 100vw, 800px\" \/><\/p>\n<p>&nbsp;<\/p>\n<p><strong>&#8220;Venimos haciendo todo muy a pulm\u00f3n, somos totalmente autogestivos. <\/strong>Ciertas cuestiones hemos <strong>podido lograr con Cultura como el espacio del Bicentenario<\/strong> pero bueno, estamos muy complicados con el tema de <strong>conseguir pinturas y fondos as\u00ed que estamos haciendo rifas<\/strong> y movi\u00e9ndonos por todos lados&#8221;, explic\u00f3 <strong>Fernando Durante.<\/strong><\/p>\n<p>&nbsp;<\/p>\n<p>Adem\u00e1s agreg\u00f3 que &#8220;incluso <strong>los artistas que van a tocar se coparon y entendieron la movida que es autogestiva<\/strong> y <strong>cedieron su parte art\u00edstica a mucho menos costo o de forma gratuita,<\/strong> as\u00ed que <strong>estamos poniendo bastante de cada uno.&#8221;<\/strong><\/p>\n<p>&nbsp;<\/p>\n<p>En principio la <strong>idea era realizar un festival de murales,<\/strong> que ten\u00edan pensado desde el inicio de la pandemia cuando se empezaron a plantear con el grupo de artistas sus objetivos generales. Luego, explic\u00f3 Fernando, &#8220;<strong>empezamos a pensar que est\u00e1bamos dejando afuera un mont\u00f3n de otras ramas de intervenci\u00f3n<\/strong>. Hay un<strong> mont\u00f3n de artistas de \u00c1cido que hacen un mont\u00f3n de cosas que no est\u00e1n relacionadas a los murales y decidimos ampliar el abanico para hacer un festival gr\u00e1fico,<\/strong> que engloba m\u00e1s ramas del arte y podemos <strong>incluso darle espacio a ferias gr\u00e1ficas y productores autogestivos para poder participar.&#8221;<\/strong><\/p>\n<p>&nbsp;<\/p>\n<p>Fernando indic\u00f3 que <strong>el contacto con el Municipio es desde hace mucho tiempo, ya que como interventores de la ciudad era importante el tema de los permisos para pintar en lugares p\u00fablicos<\/strong>, y tambi\u00e9n para &#8220;<strong>acercarnos a mostrar lo que estamos haciendo y que nos gustar\u00eda que nos apoyen<\/strong>&#8220;. Cuando decidieron organizar el festival gr\u00e1fico el grupo autogestivo mand\u00f3 un mail donde pidieron <strong>ba\u00f1os qu\u00edmicos, sonidos, iluminaci\u00f3n y un espacio.<\/strong><\/p>\n<p>&nbsp;<\/p>\n<p>&#8220;En base a eso <strong>hicimos una reuni\u00f3n con Mariano Sarthou y nos dijo las posibilidades de ofrecimiento de Cultura desde la municipalidad<\/strong>. Nos ofreci\u00f3 el lugar, la bajada de luz para el d\u00eda s\u00e1bado y domingo, y el sonido para el d\u00eda domingo que <strong>la verdad es un mont\u00f3n. Es un espacio hermoso&#8221;,<\/strong> explic\u00f3 Fernando.<\/p>\n<p>&nbsp;<\/p>\n<p><img data-recalc-dims=\"1\" loading=\"lazy\" decoding=\"async\" class=\"alignnone size-large wp-image-1943\" src=\"https:\/\/i0.wp.com\/cdnoticias.com\/wp-content\/uploads\/2020\/09\/acido20.jpg?resize=800%2C534&#038;ssl=1\" alt=\"\" width=\"800\" height=\"534\" srcset=\"https:\/\/i0.wp.com\/cdnoticias.com\/wp-content\/uploads\/2020\/09\/acido20.jpg?resize=1024%2C683&amp;ssl=1 1024w, https:\/\/i0.wp.com\/cdnoticias.com\/wp-content\/uploads\/2020\/09\/acido20.jpg?resize=300%2C200&amp;ssl=1 300w, https:\/\/i0.wp.com\/cdnoticias.com\/wp-content\/uploads\/2020\/09\/acido20.jpg?resize=768%2C512&amp;ssl=1 768w, https:\/\/i0.wp.com\/cdnoticias.com\/wp-content\/uploads\/2020\/09\/acido20.jpg?resize=272%2C182&amp;ssl=1 272w, https:\/\/i0.wp.com\/cdnoticias.com\/wp-content\/uploads\/2020\/09\/acido20.jpg?w=1600&amp;ssl=1 1600w, https:\/\/i0.wp.com\/cdnoticias.com\/wp-content\/uploads\/2020\/09\/acido20.jpg?w=2400&amp;ssl=1 2400w\" sizes=\"auto, (max-width: 800px) 100vw, 800px\" \/><\/p>\n<p>&nbsp;<\/p>\n<p><strong>\u00bfHasta d\u00f3nde es arte y hasta d\u00f3nde es vandalismo?<\/strong><\/p>\n<p>&nbsp;<\/p>\n<p>El grupo <strong>\u00c1cido Arte Urbano organiz\u00f3 una charla debate<\/strong> para el d\u00eda domingo debido a <strong>&#8220;la discordia y la disputa que se da siempre sobre qu\u00e9 es arte y que deja de ser arte y pasa a ser vandalismo en lo que es una intervenci\u00f3n urbana<\/strong>&#8221; indic\u00f3 Fernando.<\/p>\n<p>&nbsp;<\/p>\n<p>Primero, se va a<strong> reproducir un video sobre la tem\u00e1tica a abordar y luego se abrir\u00e1 la charla debate<\/strong> donde estar\u00e1n como direccionadores <strong>Sol Garc\u00eda Hurtado &#8220;Solfeo&#8221; y Fernando Durante<\/strong> (Tapalqu\u00e9 Monster). &#8220;Obviamente <strong>no hay ninguna verdad sobre qu\u00e9 es arte urbano y vandalismo<\/strong>, si no que la idea es justamente abrir el abanico de posibilidades y que <strong>cada uno pueda dar una opini\u00f3n y que se realice un ida y vuelta&#8221;.<\/strong><\/p>\n<p>&nbsp;<\/p>\n<p><img data-recalc-dims=\"1\" loading=\"lazy\" decoding=\"async\" class=\"alignnone size-full wp-image-40270\" src=\"https:\/\/i0.wp.com\/cdnoticias.com\/wp-content\/uploads\/2021\/12\/WhatsApp-Image-2021-12-01-at-16.59.49.jpeg?resize=720%2C871&#038;ssl=1\" alt=\"\" width=\"720\" height=\"871\" srcset=\"https:\/\/i0.wp.com\/cdnoticias.com\/wp-content\/uploads\/2021\/12\/WhatsApp-Image-2021-12-01-at-16.59.49.jpeg?w=720&amp;ssl=1 720w, https:\/\/i0.wp.com\/cdnoticias.com\/wp-content\/uploads\/2021\/12\/WhatsApp-Image-2021-12-01-at-16.59.49.jpeg?resize=248%2C300&amp;ssl=1 248w\" sizes=\"auto, (max-width: 720px) 100vw, 720px\" \/><\/p>\n<p>&nbsp;<\/p>\n<p><strong>Donaciones y rifas\u00a0<\/strong><\/p>\n<p>&nbsp;<\/p>\n<p>El<strong> grupo autogestivo est\u00e1 pidiendo donaciones para el festival.<\/strong> Desde\u00a0<b>pintura, hojas, l\u00e1pices<\/b> y recursos para realizar los talleres. &#8220;Hoy estuve dando vueltas desde muy temprano por varias pinturer\u00edas, me sale el manguero de adentro. Yo <strong>personalmente estoy llevado cartas pidiendo como artista local y de una agrupaci\u00f3n a todas las pinturer\u00edas<\/strong>. Hasta ahora <strong>se coparon un mont\u00f3n.<\/strong> Por el tema de <strong>los talleres tambi\u00e9n necesitamos l\u00e1pices, hojas y pasamos por distintas art\u00edsticas.<\/strong> Una se\u00f1ora nos prepar\u00f3 una caja enorme, era la <strong>C<\/strong><strong>aja de Pandora<\/strong>, una <strong>emoci\u00f3n<\/strong> hab\u00eda de todo ah\u00ed adentro&#8221; coment\u00f3 Fernando.<\/p>\n<p>&nbsp;<\/p>\n<p>En cuanto a <strong>las rifas,<\/strong> vienen vendiendo bastantes. Los <strong>premios son\u00a0compilados de l\u00e1minas, stickers, cuadros y tatuajes de los diferentes artistas de \u00c1cido<\/strong>. Adem\u00e1s, <strong>las ferias van a participar donando sus creaciones<\/strong> para poder sumar a las rifas. <strong>El precio es a colaboraci\u00f3n<\/strong>.<\/p>\n<p>&nbsp;<\/p>\n<p>Para las <strong>personas interesadas en donar pinturas o recursos para el festival pueden escribir a la p\u00e1gina de Instagram @acidoarteurbano<\/strong> y ah\u00ed mismo acuerdan las direcciones para que los chicos y chicas del grupo<strong> pasen a buscar los elementos<\/strong> necesarios.<\/p>\n","protected":false},"excerpt":{"rendered":"<p>Se realizar\u00e1 el Primer Festival Gr\u00e1fico en Olavarr\u00eda. Ser\u00e1 los d\u00edas 4 y 5 de diciembre a cargo del grupo<\/p>\n","protected":false},"author":6,"featured_media":1941,"comment_status":"closed","ping_status":"closed","sticky":false,"template":"","format":"standard","meta":{"_jetpack_memberships_contains_paid_content":false,"footnotes":""},"categories":[9,1],"tags":[],"class_list":["post-40258","post","type-post","status-publish","format-standard","has-post-thumbnail","hentry","category-cultura","category-portada"],"jetpack_featured_media_url":"https:\/\/i0.wp.com\/cdnoticias.com\/wp-content\/uploads\/2020\/09\/acido18.jpg?fit=4608%2C3072&ssl=1","jetpack_sharing_enabled":true,"_links":{"self":[{"href":"https:\/\/cdnoticias.com\/index.php\/wp-json\/wp\/v2\/posts\/40258","targetHints":{"allow":["GET"]}}],"collection":[{"href":"https:\/\/cdnoticias.com\/index.php\/wp-json\/wp\/v2\/posts"}],"about":[{"href":"https:\/\/cdnoticias.com\/index.php\/wp-json\/wp\/v2\/types\/post"}],"author":[{"embeddable":true,"href":"https:\/\/cdnoticias.com\/index.php\/wp-json\/wp\/v2\/users\/6"}],"replies":[{"embeddable":true,"href":"https:\/\/cdnoticias.com\/index.php\/wp-json\/wp\/v2\/comments?post=40258"}],"version-history":[{"count":0,"href":"https:\/\/cdnoticias.com\/index.php\/wp-json\/wp\/v2\/posts\/40258\/revisions"}],"wp:featuredmedia":[{"embeddable":true,"href":"https:\/\/cdnoticias.com\/index.php\/wp-json\/wp\/v2\/media\/1941"}],"wp:attachment":[{"href":"https:\/\/cdnoticias.com\/index.php\/wp-json\/wp\/v2\/media?parent=40258"}],"wp:term":[{"taxonomy":"category","embeddable":true,"href":"https:\/\/cdnoticias.com\/index.php\/wp-json\/wp\/v2\/categories?post=40258"},{"taxonomy":"post_tag","embeddable":true,"href":"https:\/\/cdnoticias.com\/index.php\/wp-json\/wp\/v2\/tags?post=40258"}],"curies":[{"name":"wp","href":"https:\/\/api.w.org\/{rel}","templated":true}]}}