{"id":40257,"date":"2021-12-01T16:43:37","date_gmt":"2021-12-01T19:43:37","guid":{"rendered":"http:\/\/www.centraldenoticias.com.ar\/?p=40257"},"modified":"2021-12-01T19:44:08","modified_gmt":"2021-12-01T22:44:08","slug":"este-miercoles-se-llevara-a-cabo-una-interesante-charla-virtual-sobre-transicion-energetica","status":"publish","type":"post","link":"https:\/\/cdnoticias.com\/index.php\/2021\/12\/01\/este-miercoles-se-llevara-a-cabo-una-interesante-charla-virtual-sobre-transicion-energetica\/","title":{"rendered":"Este mi\u00e9rcoles se llevar\u00e1 a cabo una interesante charla virtual sobre transici\u00f3n energ\u00e9tica"},"content":{"rendered":"<p>Es organizada desde la Facultad de Ingenier\u00eda y contar\u00e1 con la disertaci\u00f3n de una referente de YPF Luz. Todos los detalles para poder ser parte.<!--more--><\/p>\n<hr \/>\n<p>En la tarde de este mi\u00e9rcoles se llevar\u00e1 a cabo una charla virtual <strong>organizada desde el Programa Institucional ECO.FIO de la Facultad de Ingenier\u00eda de la Unicen que tendr\u00e1 como tema principal la transici\u00f3n energ\u00e9tica<\/strong>. Descarbonizaci\u00f3n, eficiencia energ\u00e9tica, descentralizaci\u00f3n y estrategias frente al cambio ser\u00e1n algunos de los disparadores que tendr\u00e1 el encuentro.<\/p>\n<p>&nbsp;<\/p>\n<p><strong>\u201cEl cambio clim\u00e1tico es la primera motivaci\u00f3n para la transici\u00f3n energ\u00e9tica, pero no es la \u00fanica\u201d<\/strong>, aclara el Mag. Ing. Gabriel Blanco, con la mirada puesta en la charla que contar\u00e1 con la disertaci\u00f3n de Pilar Eppens Velazco, profesional de YPF Energ\u00eda El\u00e9ctrica, ingeniera industrial del Instituto Tecnol\u00f3gico de Buenos Aires y actualmente finalizando la Maestr\u00eda en Econom\u00eda Aplicada en la Universidad Torcuato Di Tella.<\/p>\n<p>&nbsp;<\/p>\n<blockquote><p>Con esta iniciativa se busca acercar la mirada y las acciones que desarrolla YPF Luz en el marco de los desaf\u00edos planteados para avanzar en la transici\u00f3n energ\u00e9tica y alcanzar los Objetivos del Desarrollo Sostenible.<\/p><\/blockquote>\n<p>&nbsp;<\/p>\n<p><strong>La actividad ser\u00e1 a partir de ser\u00e1 a partir de las 19<\/strong> y estar\u00e1 destinada a la comunidad FIO pero tambi\u00e9n al p\u00fablico externo interesado en la tem\u00e1tica. Los contenidos a desarrollar incluyen una breve presentaci\u00f3n de YPF Luz pero tambi\u00e9n el a<strong>bordaje de la descarbonizaci\u00f3n de la matriz, la electrificaci\u00f3n y eficiencia energ\u00e9tica, la descentralizaci\u00f3n de la generaci\u00f3n, la digitalizaci\u00f3n y las estrategias frente a la transici\u00f3n.<\/strong><\/p>\n<p>&nbsp;<\/p>\n<p><strong>\u201cEs necesario cambiar la manera de producir y de consumir energ\u00eda en el pa\u00eds y a nivel globa<\/strong>l. La primera motivaci\u00f3n energ\u00e9tica es el cambio clim\u00e1tico, que puso en cuesti\u00f3n el modelo energ\u00e9tico global basado en combustibles f\u00f3siles, y nuestro pa\u00eds no escapa a eso\u201d, anticip\u00f3 el docente, investigador y director de ECO.FIO, Gabriel Blanco.<\/p>\n<p>&nbsp;<\/p>\n<blockquote><p>La charla se llevar\u00e1 a cabo en el auditorio de la FIO en formato h\u00edbrido y se requiere inscripci\u00f3n previa, pudi\u00e9ndolo hacer mediante <a href=\"https:\/\/forms.gle\/HxiksJauQXhTCCoEA.\" target=\"_blank\" rel=\"noopener\">este link<\/a><\/p><\/blockquote>\n<p>&nbsp;<\/p>\n<p><strong>\u201cLos combustibles f\u00f3siles son el primer causante del cambio clim\u00e1tico\u201d<\/strong>, enfatiz\u00f3 el referente de la FIO tras precisar que \u201cel 85% de la matriz energ\u00e9tica argentina est\u00e1 basada en carb\u00f3n, petr\u00f3leo y gas\u201d y a eso deben sumarse \u201clas represas hidroel\u00e9ctricas y energ\u00eda nuclear\u201d.<\/p>\n<p>&nbsp;<\/p>\n<p>Por eso, resulta determinante \u201cdiversificar esa matriz por motivos econ\u00f3micos, t\u00e9cnicos\u201d y ser \u201cm\u00e1s resilientes al impacto del cambio clim\u00e1tico\u201d, generando una \u201cdescentralizaci\u00f3n del sistema\u201d.<strong> \u201cNo hay una sola mirada sobre la transici\u00f3n energ\u00e9tica, hay mucha discusi\u00f3n y siempre hay resistencias al cambio&#8221;<\/strong>, se\u00f1ala el profesional.<\/p>\n<p>&nbsp;<\/p>\n<p>La apertura del encuentro sobre \u201cTransici\u00f3n energ\u00e9tica\u201d corresponder\u00e1 a la Mg. Ing. Mar\u00eda Peralta, decana de la FIO mientras que la moderaci\u00f3n estar\u00e1 a cargo del Mg. Ing. Blanco. <strong>\u201cEste evento es para escuchar la mirada de YPF Luz, sin dudas un actor central, y despu\u00e9s se abrir\u00e1 el debate para que los asistentes opinen y pregunten\u201d<\/strong>, alent\u00f3 el profesional.<\/p>\n","protected":false},"excerpt":{"rendered":"<p>Es organizada desde la Facultad de Ingenier\u00eda y contar\u00e1 con la disertaci\u00f3n de una referente de YPF Luz. Todos los<\/p>\n","protected":false},"author":3,"featured_media":40259,"comment_status":"closed","ping_status":"closed","sticky":false,"template":"","format":"standard","meta":{"_jetpack_memberships_contains_paid_content":false,"footnotes":""},"categories":[5],"tags":[],"class_list":["post-40257","post","type-post","status-publish","format-standard","has-post-thumbnail","hentry","category-informacion-general"],"jetpack_featured_media_url":"https:\/\/i0.wp.com\/cdnoticias.com\/wp-content\/uploads\/2021\/12\/charlaypf.jpg?fit=1200%2C876&ssl=1","jetpack_sharing_enabled":true,"_links":{"self":[{"href":"https:\/\/cdnoticias.com\/index.php\/wp-json\/wp\/v2\/posts\/40257","targetHints":{"allow":["GET"]}}],"collection":[{"href":"https:\/\/cdnoticias.com\/index.php\/wp-json\/wp\/v2\/posts"}],"about":[{"href":"https:\/\/cdnoticias.com\/index.php\/wp-json\/wp\/v2\/types\/post"}],"author":[{"embeddable":true,"href":"https:\/\/cdnoticias.com\/index.php\/wp-json\/wp\/v2\/users\/3"}],"replies":[{"embeddable":true,"href":"https:\/\/cdnoticias.com\/index.php\/wp-json\/wp\/v2\/comments?post=40257"}],"version-history":[{"count":0,"href":"https:\/\/cdnoticias.com\/index.php\/wp-json\/wp\/v2\/posts\/40257\/revisions"}],"wp:featuredmedia":[{"embeddable":true,"href":"https:\/\/cdnoticias.com\/index.php\/wp-json\/wp\/v2\/media\/40259"}],"wp:attachment":[{"href":"https:\/\/cdnoticias.com\/index.php\/wp-json\/wp\/v2\/media?parent=40257"}],"wp:term":[{"taxonomy":"category","embeddable":true,"href":"https:\/\/cdnoticias.com\/index.php\/wp-json\/wp\/v2\/categories?post=40257"},{"taxonomy":"post_tag","embeddable":true,"href":"https:\/\/cdnoticias.com\/index.php\/wp-json\/wp\/v2\/tags?post=40257"}],"curies":[{"name":"wp","href":"https:\/\/api.w.org\/{rel}","templated":true}]}}