{"id":40249,"date":"2023-08-18T18:55:29","date_gmt":"2023-08-18T21:55:29","guid":{"rendered":"http:\/\/centraldeportes.com.ar\/?p=40249"},"modified":"2025-02-11T21:03:48","modified_gmt":"2025-02-12T00:03:48","slug":"cuenta-regresiva-comienza-el-torneo-oficial-de-primera-division","status":"publish","type":"post","link":"https:\/\/cdnoticias.com\/index.php\/2023\/08\/18\/cuenta-regresiva-comienza-el-torneo-oficial-de-primera-division\/","title":{"rendered":"Cuenta regresiva: comienza el Torneo Oficial de Primera Divisi\u00f3n"},"content":{"rendered":"<p>Con fixture diagramado, este fin de semana largo vuelve el f\u00fatbol dom\u00e9stico a las canchas de Olavarr\u00eda con el arranque del certamen liguista organizado por la LFO.<!--more--><\/p>\n<hr \/>\n<p>Dos semanas despu\u00e9s del desenlace del Torneo Interligas, regresa oficialmente el f\u00fatbol a los escenarios olavarrienses con el desarrollo del<strong> Torneo Oficial de Primera Divisi\u00f3n y Reserva 2023<\/strong> que disputar\u00e1n doce clubes tras la confirmaci\u00f3n de Luj\u00e1n.<\/p>\n<p>&nbsp;<\/p>\n<p>El campeonato<strong> constar\u00e1 de once fechas a una sola rueda todos contra todos<\/strong>. Luego, <strong>los ubicados entre el primero y el octavo puesto de la tabla disputar\u00e1n los cruces eliminatorios de Play-Off e ir\u00e1n por el t\u00edtulo<\/strong>, mientras que los restantes cuatro jugar\u00e1n los compromisos por la permanencia.<\/p>\n<p>&nbsp;<\/p>\n<p>Este domingo se pondr\u00e1 en marcha la 1\u00b0 fecha del torneo, que se disputar\u00e1 de forma incompleta ya que <strong>Municipales y Embajadores<\/strong>, por haber jugado la final del Uni\u00f3n Deportiva Regional,<strong> tendr\u00e1n fin de semana de descanso<\/strong> y regresar\u00e1n a la actividad en la segunda jornada.<\/p>\n<p>&nbsp;<\/p>\n<h6><strong>Fixture Torneo Oficial 2023:<\/strong><\/h6>\n<p>&nbsp;<\/p>\n<h6>Fecha 1<\/h6>\n<p>Luj\u00e1n \u2013 Ferro Carril Sud (<strong>Reserva: 13:00 y Primera: 15:00 en Embajadores<\/strong>)<\/p>\n<p>Estudiantes \u2013 San Mart\u00edn (<strong>Reserva: 13:30 y Primera: 15:30<\/strong>)<\/p>\n<p>Sierra Chica \u2013 Racing (<strong>Reserva: 12:45 y Primera: 15:00<\/strong>)<\/p>\n<p>Hinojo \u2013 Espigas (<strong>Reserva: 13:30 y Primera: 15:45<\/strong>)<\/p>\n<p>Municipales \u2013 Embajadores (<strong>Postergado<\/strong>)<\/p>\n<p>El Fort\u00edn \u2013 Loma Negra (<strong>Reserva: 12:45 y Primera: 15:00<\/strong>)<\/p>\n<p>&nbsp;<\/p>\n<h6>Fecha 2<\/h6>\n<p>Sierra Chica \u2013 Luj\u00e1n<\/p>\n<p>Hinojo \u2013 Estudiantes<\/p>\n<p>Municipales \u2013 Ferro Carril Sud<\/p>\n<p>El Fort\u00edn \u2013 San Mart\u00edn<\/p>\n<p>Loma Negra \u2013 Racing<\/p>\n<p>Embajadores \u2013 Espigas<\/p>\n<p>&nbsp;<\/p>\n<h6>Fecha 3<\/h6>\n<p>Estudiantes \u2013 Luj\u00e1n<\/p>\n<p>Ferro Carril Sud \u2013 Sierra Chica<\/p>\n<p>San Mart\u00edn \u2013 Hinojo<\/p>\n<p>Racing \u2013 Municipales<\/p>\n<p>Espigas \u2013 El Fort\u00edn<\/p>\n<p>Embajadores \u2013 Loma Negra<\/p>\n<p>&nbsp;<\/p>\n<h6>Fecha 4<\/h6>\n<p>San Mart\u00edn \u2013 Luj\u00e1n<\/p>\n<p>Ferro Carril Sud \u2013 Racing<\/p>\n<p>Espigas \u2013 Estudiantes<\/p>\n<p>Embajadores \u2013 Sierra Chica<\/p>\n<p>Loma Negra \u2013 Hinojo<\/p>\n<p>Municipales \u2013 El Fort\u00edn<\/p>\n<p>&nbsp;<\/p>\n<h6>Fecha 5<\/h6>\n<p>Racing \u2013 Luj\u00e1n<\/p>\n<p>San Mart\u00edn \u2013 Espigas<\/p>\n<p>Embajadores \u2013 Ferro Carril Sud<\/p>\n<p>Estudiantes \u2013 Loma Negra<\/p>\n<p>Sierra Chica \u2013 El Fort\u00edn<\/p>\n<p>Hinojo \u2013 Municipales<\/p>\n<p>&nbsp;<\/p>\n<h6>Fecha 6<\/h6>\n<p>Luj\u00e1n \u2013 Espigas<\/p>\n<p>Racing \u2013 Embajadores<\/p>\n<p>Loma Negra \u2013 San Mart\u00edn<\/p>\n<p>El Fort\u00edn \u2013 Ferro Carril Sud<\/p>\n<p>Municipales \u2013 Estudiantes<\/p>\n<p>Sierra Chica \u2013 Hinojo<\/p>\n<p>&nbsp;<\/p>\n<h6>Fecha 7<\/h6>\n<p>Luj\u00e1n \u2013 Embajadores<\/p>\n<p>Espigas \u2013 Loma Negra<\/p>\n<p>El Fort\u00edn \u2013 Racing<\/p>\n<p>San Mart\u00edn \u2013 Municipales<\/p>\n<p>Ferro Carril Sud \u2013 Hinojo<\/p>\n<p>Estudiantes \u2013 Sierra Chica<\/p>\n<p>&nbsp;<\/p>\n<h6>Fecha 8<\/h6>\n<p>Loma Negra \u2013 Luj\u00e1n<\/p>\n<p>Embajadores \u2013 El Fort\u00edn<\/p>\n<p>Municipales \u2013 Espigas<\/p>\n<p>Hinojo \u2013 Racing<\/p>\n<p>Sierra Chica \u2013 San Mart\u00edn<\/p>\n<p>Ferro Carril Sud \u2013 Estudiantes<\/p>\n<p>&nbsp;<\/p>\n<h6>Fecha 9<\/h6>\n<p>Luj\u00e1n \u2013 El Fort\u00edn<\/p>\n<p>Loma Negra \u2013 Municipales<\/p>\n<p>Hinojo \u2013 Embajadores<\/p>\n<p>Espigas \u2013 Sierra Chica<\/p>\n<p>Racing \u2013 Estudiantes<\/p>\n<p>San Mart\u00edn \u2013 Ferro Carril Sud<\/p>\n<p>&nbsp;<\/p>\n<h6>Fecha 10<\/h6>\n<p>Luj\u00e1n \u2013 Municipales<\/p>\n<p>El Fort\u00edn \u2013 Hinojo<\/p>\n<p>Sierra Chica \u2013 Loma Negra<\/p>\n<p>Estudiantes \u2013 Embajadores<\/p>\n<p>Ferro Carril Sud \u2013 Espigas<\/p>\n<p>Racing \u2013 San Mart\u00edn<\/p>\n<p>&nbsp;<\/p>\n<h6>Fecha 11<\/h6>\n<p>Hinojo \u2013 Luj\u00e1n<\/p>\n<p>Municipales \u2013 Sierra Chica<\/p>\n<p>Estudiantes \u2013 El Fort\u00edn<\/p>\n<p>Loma Negra \u2013 Ferro Carril Sud<\/p>\n<p>Embajadores \u2013 San Mart\u00edn<\/p>\n<p>Espigas \u2013 Racing<\/p>\n<p>&nbsp;<\/p>\n<p><em><strong>Foto: Archivo.<\/strong><\/em><\/p>\n","protected":false},"excerpt":{"rendered":"<p>Con fixture diagramado, este fin de semana largo vuelve el f\u00fatbol dom\u00e9stico a las canchas de Olavarr\u00eda con el arranque<\/p>\n","protected":false},"author":96739694,"featured_media":153606,"comment_status":"closed","ping_status":"closed","sticky":false,"template":"","format":"standard","meta":{"_jetpack_memberships_contains_paid_content":false,"footnotes":""},"categories":[35,1,41],"tags":[],"class_list":["post-40249","post","type-post","status-publish","format-standard","has-post-thumbnail","hentry","category-futbol","category-portada","category-primera-y-reserva"],"jetpack_featured_media_url":"https:\/\/i0.wp.com\/cdnoticias.com\/wp-content\/uploads\/2022\/10\/Photo_1666836934616.jpg?fit=1336%2C891&ssl=1","jetpack_sharing_enabled":true,"_links":{"self":[{"href":"https:\/\/cdnoticias.com\/index.php\/wp-json\/wp\/v2\/posts\/40249","targetHints":{"allow":["GET"]}}],"collection":[{"href":"https:\/\/cdnoticias.com\/index.php\/wp-json\/wp\/v2\/posts"}],"about":[{"href":"https:\/\/cdnoticias.com\/index.php\/wp-json\/wp\/v2\/types\/post"}],"author":[{"embeddable":true,"href":"https:\/\/cdnoticias.com\/index.php\/wp-json\/wp\/v2\/users\/96739694"}],"replies":[{"embeddable":true,"href":"https:\/\/cdnoticias.com\/index.php\/wp-json\/wp\/v2\/comments?post=40249"}],"version-history":[{"count":0,"href":"https:\/\/cdnoticias.com\/index.php\/wp-json\/wp\/v2\/posts\/40249\/revisions"}],"wp:featuredmedia":[{"embeddable":true,"href":"https:\/\/cdnoticias.com\/index.php\/wp-json\/wp\/v2\/media\/153606"}],"wp:attachment":[{"href":"https:\/\/cdnoticias.com\/index.php\/wp-json\/wp\/v2\/media?parent=40249"}],"wp:term":[{"taxonomy":"category","embeddable":true,"href":"https:\/\/cdnoticias.com\/index.php\/wp-json\/wp\/v2\/categories?post=40249"},{"taxonomy":"post_tag","embeddable":true,"href":"https:\/\/cdnoticias.com\/index.php\/wp-json\/wp\/v2\/tags?post=40249"}],"curies":[{"name":"wp","href":"https:\/\/api.w.org\/{rel}","templated":true}]}}