{"id":40245,"date":"2021-12-01T14:29:51","date_gmt":"2021-12-01T17:29:51","guid":{"rendered":"http:\/\/www.centraldenoticias.com.ar\/?p=40245"},"modified":"2021-12-01T17:13:27","modified_gmt":"2021-12-01T20:13:27","slug":"sergio-massa-y-jorge-ferraresi-tambien-estaran-en-la-inauguracion-de-lamali-ii","status":"publish","type":"post","link":"https:\/\/cdnoticias.com\/index.php\/2021\/12\/01\/sergio-massa-y-jorge-ferraresi-tambien-estaran-en-la-inauguracion-de-lamali-ii\/","title":{"rendered":"Sergio Massa y Jorge Ferraresi tambi\u00e9n estar\u00e1n en la inauguraci\u00f3n de L\u00b4Amal\u00ed II"},"content":{"rendered":"<p>El presidente de la C\u00e1mara de Diputados de la Naci\u00f3n y el ministro de Desarrollo Territorial tambi\u00e9n confirmaron sus asistencia al acto del viernes. Sigue en potencial la llegada del presidente Alberto Fern\u00e1ndez.\u00a0<!--more--><\/p>\n<hr \/>\n<p>En las \u00faltimas horas se confirm\u00f3 que <strong>el presidente de la C\u00e1mara de Diputados de la Naci\u00f3n, Sergio Massa, y el ministro de Desarrollo Territorial de la Naci\u00f3n, Jorge Ferraresi<\/strong>, tambi\u00e9n confirmaron sus asistencia al acto del viernes para la\u00a0<strong><a href=\"https:\/\/cdnoticias.com\/index.php\/2021\/11\/18\/el-3-de-diciembre-se-inaugurara-la-nueva-planta-de-lamali\/\" target=\"_blank\" rel=\"noopener\">inauguraci\u00f3n de la planta de L\u2019Amal\u00ed II<\/a> en Loma Negra.<\/strong><\/p>\n<p>&nbsp;<\/p>\n<p>Cabe recordar que ya por la ma\u00f1ana<strong> hab\u00eda confirmado su asistencia el gobernador Axel Kicillof<\/strong>: <a href=\"https:\/\/cdnoticias.com\/index.php\/2021\/12\/01\/lamali-ii-el-gobernador-kicillof-estara-en-olavarria-este-viernes\/\" target=\"_blank\" rel=\"noopener\">ser\u00e1 la cuarta vez que el mandatario regrese al distrito en el a\u00f1o<\/a> y la segunda a la zona de Loma Negra, ya que hace unos dos meses estuvo en el Cerro Fortabat<strong>.<\/strong><\/p>\n<p>&nbsp;<\/p>\n<figure id=\"attachment_37814\" aria-describedby=\"caption-attachment-37814\" style=\"width: 800px\" class=\"wp-caption aligncenter\"><img data-recalc-dims=\"1\" loading=\"lazy\" decoding=\"async\" class=\"wp-image-37814 size-large\" src=\"https:\/\/i0.wp.com\/cdnoticias.com\/wp-content\/uploads\/2021\/11\/massa-olavarria-5.jpg?resize=800%2C445&#038;ssl=1\" alt=\"\" width=\"800\" height=\"445\" srcset=\"https:\/\/i0.wp.com\/cdnoticias.com\/wp-content\/uploads\/2021\/11\/massa-olavarria-5.jpg?resize=1024%2C570&amp;ssl=1 1024w, https:\/\/i0.wp.com\/cdnoticias.com\/wp-content\/uploads\/2021\/11\/massa-olavarria-5.jpg?resize=300%2C167&amp;ssl=1 300w, https:\/\/i0.wp.com\/cdnoticias.com\/wp-content\/uploads\/2021\/11\/massa-olavarria-5.jpg?resize=768%2C427&amp;ssl=1 768w, https:\/\/i0.wp.com\/cdnoticias.com\/wp-content\/uploads\/2021\/11\/massa-olavarria-5.jpg?resize=800%2C445&amp;ssl=1 800w, https:\/\/i0.wp.com\/cdnoticias.com\/wp-content\/uploads\/2021\/11\/massa-olavarria-5.jpg?w=1599&amp;ssl=1 1599w\" sizes=\"auto, (max-width: 800px) 100vw, 800px\" \/><figcaption id=\"caption-attachment-37814\" class=\"wp-caption-text\">Sergio Massa estuvo en Olavarr\u00eda a principios de noviembre en el marco de la campa\u00f1a electoral.<\/figcaption><\/figure>\n<p>&nbsp;<\/p>\n<p>En tanto, permanece en potencial\u00a0<strong>la llegada del presidente de la Naci\u00f3n, Alberto Fern\u00e1ndez<\/strong>: se especula con su asistencia, aunque no est\u00e1 confirmada de manera oficial.\u00a0Estar\u00eda acompa\u00f1ado de buena parte de su gabinete nacional entre ellos, su <strong>Jefe de Gabinete, Juan Manzur, y el Ministro del Interior, Wado de Pedro.<\/strong><\/p>\n<p>&nbsp;<\/p>\n<figure id=\"attachment_35626\" aria-describedby=\"caption-attachment-35626\" style=\"width: 800px\" class=\"wp-caption alignnone\"><img data-recalc-dims=\"1\" loading=\"lazy\" decoding=\"async\" class=\"wp-image-35626 size-full\" src=\"https:\/\/i0.wp.com\/cdnoticias.com\/wp-content\/uploads\/2021\/10\/Ferraresi01.jpg?resize=800%2C445&#038;ssl=1\" alt=\"\" width=\"800\" height=\"445\" srcset=\"https:\/\/i0.wp.com\/cdnoticias.com\/wp-content\/uploads\/2021\/10\/Ferraresi01.jpg?w=800&amp;ssl=1 800w, https:\/\/i0.wp.com\/cdnoticias.com\/wp-content\/uploads\/2021\/10\/Ferraresi01.jpg?resize=300%2C167&amp;ssl=1 300w, https:\/\/i0.wp.com\/cdnoticias.com\/wp-content\/uploads\/2021\/10\/Ferraresi01.jpg?resize=768%2C427&amp;ssl=1 768w\" sizes=\"auto, (max-width: 800px) 100vw, 800px\" \/><figcaption id=\"caption-attachment-35626\" class=\"wp-caption-text\">El ministro Ferraresi visit\u00f3 Olavarr\u00eda a mediados de octubre en el marco de un acto de la cartera que encabeza.<\/figcaption><\/figure>\n<p>&nbsp;<\/p>\n<p>La obra a inaugurarse tuvo <strong>una inversi\u00f3n de 350 millones de pesos, permitir\u00e1 aumentar a Loma Negra un 40% la capacidad de producci\u00f3n de cemento<\/strong>, y ser\u00e1 una de las f\u00e1bricas m\u00e1s importantes del pa\u00eds.<\/p>\n<p>&nbsp;<\/p>\n<p>Adem\u00e1s, <strong>traer\u00e1 tal como <a href=\"https:\/\/cdnoticias.com\/index.php\/2021\/08\/04\/loma-negra-proyecta-para-septiembre-la-inauguracion-de-lamali-ii\/\" target=\"_blank\" rel=\"noopener\">se adelant\u00f3 en su momento<\/a> m\u00e1s de un centenar de puestos de trabajo para la ciudad.<\/strong><\/p>\n<p>&nbsp;<\/p>\n<figure id=\"attachment_39082\" aria-describedby=\"caption-attachment-39082\" style=\"width: 980px\" class=\"wp-caption alignnone\"><img data-recalc-dims=\"1\" loading=\"lazy\" decoding=\"async\" class=\"wp-image-39082 size-full\" src=\"https:\/\/i0.wp.com\/cdnoticias.com\/wp-content\/uploads\/2021\/11\/Planta-de-Cemento-LAmali-Line-2-980x394-cartellone.jpeg?resize=800%2C322&#038;ssl=1\" alt=\"\" width=\"800\" height=\"322\" srcset=\"https:\/\/i0.wp.com\/cdnoticias.com\/wp-content\/uploads\/2021\/11\/Planta-de-Cemento-LAmali-Line-2-980x394-cartellone.jpeg?w=980&amp;ssl=1 980w, https:\/\/i0.wp.com\/cdnoticias.com\/wp-content\/uploads\/2021\/11\/Planta-de-Cemento-LAmali-Line-2-980x394-cartellone.jpeg?resize=300%2C121&amp;ssl=1 300w, https:\/\/i0.wp.com\/cdnoticias.com\/wp-content\/uploads\/2021\/11\/Planta-de-Cemento-LAmali-Line-2-980x394-cartellone.jpeg?resize=768%2C309&amp;ssl=1 768w\" sizes=\"auto, (max-width: 800px) 100vw, 800px\" \/><figcaption id=\"caption-attachment-39082\" class=\"wp-caption-text\">La planta L\u00b4Amal\u00ed II ser\u00e1 inaugurada el viernes.<\/figcaption><\/figure>\n<p>&nbsp;<\/p>\n<p>&nbsp;<\/p>\n","protected":false},"excerpt":{"rendered":"<p>El presidente de la C\u00e1mara de Diputados de la Naci\u00f3n y el ministro de Desarrollo Territorial tambi\u00e9n confirmaron sus asistencia<\/p>\n","protected":false},"author":4,"featured_media":40247,"comment_status":"closed","ping_status":"closed","sticky":false,"template":"","format":"standard","meta":{"_jetpack_memberships_contains_paid_content":false,"footnotes":""},"categories":[4,1],"tags":[],"class_list":["post-40245","post","type-post","status-publish","format-standard","has-post-thumbnail","hentry","category-politica","category-portada"],"jetpack_featured_media_url":"https:\/\/i0.wp.com\/cdnoticias.com\/wp-content\/uploads\/2021\/12\/massa-ferraresi.jpg?fit=800%2C445&ssl=1","jetpack_sharing_enabled":true,"_links":{"self":[{"href":"https:\/\/cdnoticias.com\/index.php\/wp-json\/wp\/v2\/posts\/40245","targetHints":{"allow":["GET"]}}],"collection":[{"href":"https:\/\/cdnoticias.com\/index.php\/wp-json\/wp\/v2\/posts"}],"about":[{"href":"https:\/\/cdnoticias.com\/index.php\/wp-json\/wp\/v2\/types\/post"}],"author":[{"embeddable":true,"href":"https:\/\/cdnoticias.com\/index.php\/wp-json\/wp\/v2\/users\/4"}],"replies":[{"embeddable":true,"href":"https:\/\/cdnoticias.com\/index.php\/wp-json\/wp\/v2\/comments?post=40245"}],"version-history":[{"count":0,"href":"https:\/\/cdnoticias.com\/index.php\/wp-json\/wp\/v2\/posts\/40245\/revisions"}],"wp:featuredmedia":[{"embeddable":true,"href":"https:\/\/cdnoticias.com\/index.php\/wp-json\/wp\/v2\/media\/40247"}],"wp:attachment":[{"href":"https:\/\/cdnoticias.com\/index.php\/wp-json\/wp\/v2\/media?parent=40245"}],"wp:term":[{"taxonomy":"category","embeddable":true,"href":"https:\/\/cdnoticias.com\/index.php\/wp-json\/wp\/v2\/categories?post=40245"},{"taxonomy":"post_tag","embeddable":true,"href":"https:\/\/cdnoticias.com\/index.php\/wp-json\/wp\/v2\/tags?post=40245"}],"curies":[{"name":"wp","href":"https:\/\/api.w.org\/{rel}","templated":true}]}}