{"id":40226,"date":"2021-12-01T09:52:22","date_gmt":"2021-12-01T12:52:22","guid":{"rendered":"http:\/\/www.centraldenoticias.com.ar\/?p=40226"},"modified":"2021-12-01T09:52:22","modified_gmt":"2021-12-01T12:52:22","slug":"la-union-industrial-se-reunio-con-el-grupo-de-damas-de-bomberos-voluntarios","status":"publish","type":"post","link":"https:\/\/cdnoticias.com\/index.php\/2021\/12\/01\/la-union-industrial-se-reunio-con-el-grupo-de-damas-de-bomberos-voluntarios\/","title":{"rendered":"La Uni\u00f3n Industrial se reuni\u00f3 con el grupo de Damas de Bomberos Voluntarios"},"content":{"rendered":"<p>La entidad se comprometi\u00f3 a colaborar con la organizaci\u00f3n de una cena para los 140 integrantes del cuerpo activo junto a sus familias como \u201cagasajo\u201d por su incansable labor.\u00a0<!--more--><\/p>\n<hr \/>\n<p>Encabezados por el presidente<strong> C\u00e9sar Longo, integrantes de la Uni\u00f3n Industrial se reunieron con el grupo de Damas de Bomberos Voluntarios de Olavarr\u00eda, quienes se encuentran organizando una cena de agasajo para los 140 integrantes del Cuerpo Activo junto a sus familias.<\/strong><\/p>\n<p>&nbsp;<\/p>\n<p>Adem\u00e1s de Longo, participaron Marianela Dal Molin y la gerenta Vanesa Andreis. <strong><em>\u201cDesde la Uni\u00f3n Industrial vamos a acompa\u00f1ar este importante evento en reconocimiento al generoso trabajo de quienes eligen por vocaci\u00f3n dedicar su vida a proteger a la sociedad de manera desinteresada\u201d<\/em><\/strong> indicaron.<\/p>\n<p>&nbsp;<\/p>\n<blockquote><p>Tanto la organizaci\u00f3n de la cena como la atenci\u00f3n de las mesas estar\u00e1 a cargo de las Damas, y participar\u00e1n los bomberos de Olavarr\u00eda, Hinojo, Sierras Bayas y Loma Negra.<\/p><\/blockquote>\n<p>&nbsp;<\/p>\n<p>Cabe recordar que la subcomisi\u00f3n de Damas de la Asociaci\u00f3n Bomberos Voluntarios de Olavarr\u00eda se form\u00f3 con la finalidad de acompa\u00f1ar al Consejo Directivo, a cada destacamento y al Cuerpo Activo de la instituci\u00f3n, estableciendo como idea<em> \u201cgenerar una red de colaboraci\u00f3n interinstitucional para desarrollar un trabajo preventivo que acompa\u00f1e la labor de los bomberos\u201d.<\/em><\/p>\n<p>&nbsp;<\/p>\n<p><strong>El cuartel central local es uno de los m\u00e1s importantes y mejor equipado de la Provincia<\/strong>, y realiza -aproximadamente- 1400 salidas al a\u00f1o entre incendios, accidentes y rescate de animales, entre otros.<\/p>\n","protected":false},"excerpt":{"rendered":"<p>La entidad se comprometi\u00f3 a colaborar con la organizaci\u00f3n de una cena para los 140 integrantes del cuerpo activo junto<\/p>\n","protected":false},"author":2,"featured_media":40227,"comment_status":"closed","ping_status":"closed","sticky":false,"template":"","format":"standard","meta":{"_jetpack_memberships_contains_paid_content":false,"footnotes":""},"categories":[5,1],"tags":[],"class_list":["post-40226","post","type-post","status-publish","format-standard","has-post-thumbnail","hentry","category-informacion-general","category-portada"],"jetpack_featured_media_url":"https:\/\/i0.wp.com\/cdnoticias.com\/wp-content\/uploads\/2021\/12\/5f5b2141-a3f1-4d3e-95ae-f55894d57675-1024x768.jpg?fit=1024%2C570&ssl=1","jetpack_sharing_enabled":true,"_links":{"self":[{"href":"https:\/\/cdnoticias.com\/index.php\/wp-json\/wp\/v2\/posts\/40226","targetHints":{"allow":["GET"]}}],"collection":[{"href":"https:\/\/cdnoticias.com\/index.php\/wp-json\/wp\/v2\/posts"}],"about":[{"href":"https:\/\/cdnoticias.com\/index.php\/wp-json\/wp\/v2\/types\/post"}],"author":[{"embeddable":true,"href":"https:\/\/cdnoticias.com\/index.php\/wp-json\/wp\/v2\/users\/2"}],"replies":[{"embeddable":true,"href":"https:\/\/cdnoticias.com\/index.php\/wp-json\/wp\/v2\/comments?post=40226"}],"version-history":[{"count":0,"href":"https:\/\/cdnoticias.com\/index.php\/wp-json\/wp\/v2\/posts\/40226\/revisions"}],"wp:featuredmedia":[{"embeddable":true,"href":"https:\/\/cdnoticias.com\/index.php\/wp-json\/wp\/v2\/media\/40227"}],"wp:attachment":[{"href":"https:\/\/cdnoticias.com\/index.php\/wp-json\/wp\/v2\/media?parent=40226"}],"wp:term":[{"taxonomy":"category","embeddable":true,"href":"https:\/\/cdnoticias.com\/index.php\/wp-json\/wp\/v2\/categories?post=40226"},{"taxonomy":"post_tag","embeddable":true,"href":"https:\/\/cdnoticias.com\/index.php\/wp-json\/wp\/v2\/tags?post=40226"}],"curies":[{"name":"wp","href":"https:\/\/api.w.org\/{rel}","templated":true}]}}