{"id":40204,"date":"2021-11-30T17:32:43","date_gmt":"2021-11-30T20:32:43","guid":{"rendered":"http:\/\/www.centraldenoticias.com.ar\/?p=40204"},"modified":"2021-11-30T17:32:43","modified_gmt":"2021-11-30T20:32:43","slug":"nuevo-operativo-de-documentacion-de-renaper-2","status":"publish","type":"post","link":"https:\/\/cdnoticias.com\/index.php\/2021\/11\/30\/nuevo-operativo-de-documentacion-de-renaper-2\/","title":{"rendered":"Nuevo operativo de documentaci\u00f3n de Renaper"},"content":{"rendered":"<p>El Registro Nacional de las Personas estar\u00e1 este jueves y viernes en Sierra Chica y en el barrio Coronel Dorrego.<!--more--><\/p>\n<hr \/>\n<p>Por disposici\u00f3n del Ministerio del Interior, el <strong>Registro Nacional de las Personas<\/strong> desarrollar\u00e1 un operativo territorial en nuestro distrito para que vecinos y vecinas puedan tramitar DNIs, pasaportes y certificados de pre-identificaci\u00f3n.<\/p>\n<p>&nbsp;<\/p>\n<p>Ser\u00e1 este <strong>jueves 2 de diciembre en la localidad de Sierra Chica<\/strong>, en el Club Sierra Chica avenida Legorburu y avenida Centenario; y el<strong> viernes 3 estar\u00e1 en la plaza del barrio Coronel Dorrego<\/strong>, Necochea y Calle 17.<\/p>\n<p>&nbsp;<\/p>\n<p><img data-recalc-dims=\"1\" loading=\"lazy\" decoding=\"async\" class=\"alignnone size-large wp-image-40205\" src=\"https:\/\/i0.wp.com\/cdnoticias.com\/wp-content\/uploads\/2021\/11\/WhatsApp-Image-2021-11-30-at-17.18.37.jpeg?resize=800%2C800&#038;ssl=1\" alt=\"\" width=\"800\" height=\"800\" srcset=\"https:\/\/i0.wp.com\/cdnoticias.com\/wp-content\/uploads\/2021\/11\/WhatsApp-Image-2021-11-30-at-17.18.37.jpeg?resize=1024%2C1024&amp;ssl=1 1024w, https:\/\/i0.wp.com\/cdnoticias.com\/wp-content\/uploads\/2021\/11\/WhatsApp-Image-2021-11-30-at-17.18.37.jpeg?resize=150%2C150&amp;ssl=1 150w, https:\/\/i0.wp.com\/cdnoticias.com\/wp-content\/uploads\/2021\/11\/WhatsApp-Image-2021-11-30-at-17.18.37.jpeg?resize=300%2C300&amp;ssl=1 300w, https:\/\/i0.wp.com\/cdnoticias.com\/wp-content\/uploads\/2021\/11\/WhatsApp-Image-2021-11-30-at-17.18.37.jpeg?resize=768%2C768&amp;ssl=1 768w, https:\/\/i0.wp.com\/cdnoticias.com\/wp-content\/uploads\/2021\/11\/WhatsApp-Image-2021-11-30-at-17.18.37.jpeg?w=1280&amp;ssl=1 1280w\" sizes=\"auto, (max-width: 800px) 100vw, 800px\" \/><\/p>\n<p>&nbsp;<\/p>\n<p>El operativo<strong> atender\u00e1 de 9 a 17<\/strong>, la atenci\u00f3n ser\u00e1 por orden de llegada y se emitir\u00e1 un m\u00e1ximo de 200 turnos.<\/p>\n","protected":false},"excerpt":{"rendered":"<p>El Registro Nacional de las Personas estar\u00e1 este jueves y viernes en Sierra Chica y en el barrio Coronel Dorrego.<\/p>\n","protected":false},"author":5,"featured_media":21159,"comment_status":"closed","ping_status":"closed","sticky":false,"template":"","format":"standard","meta":{"_jetpack_memberships_contains_paid_content":false,"footnotes":""},"categories":[5,1],"tags":[],"class_list":["post-40204","post","type-post","status-publish","format-standard","has-post-thumbnail","hentry","category-informacion-general","category-portada"],"jetpack_featured_media_url":"https:\/\/i0.wp.com\/cdnoticias.com\/wp-content\/uploads\/2021\/05\/WhatsApp-Image-2021-05-10-at-17.00.42.jpeg?fit=1280%2C738&ssl=1","jetpack_sharing_enabled":true,"_links":{"self":[{"href":"https:\/\/cdnoticias.com\/index.php\/wp-json\/wp\/v2\/posts\/40204","targetHints":{"allow":["GET"]}}],"collection":[{"href":"https:\/\/cdnoticias.com\/index.php\/wp-json\/wp\/v2\/posts"}],"about":[{"href":"https:\/\/cdnoticias.com\/index.php\/wp-json\/wp\/v2\/types\/post"}],"author":[{"embeddable":true,"href":"https:\/\/cdnoticias.com\/index.php\/wp-json\/wp\/v2\/users\/5"}],"replies":[{"embeddable":true,"href":"https:\/\/cdnoticias.com\/index.php\/wp-json\/wp\/v2\/comments?post=40204"}],"version-history":[{"count":0,"href":"https:\/\/cdnoticias.com\/index.php\/wp-json\/wp\/v2\/posts\/40204\/revisions"}],"wp:featuredmedia":[{"embeddable":true,"href":"https:\/\/cdnoticias.com\/index.php\/wp-json\/wp\/v2\/media\/21159"}],"wp:attachment":[{"href":"https:\/\/cdnoticias.com\/index.php\/wp-json\/wp\/v2\/media?parent=40204"}],"wp:term":[{"taxonomy":"category","embeddable":true,"href":"https:\/\/cdnoticias.com\/index.php\/wp-json\/wp\/v2\/categories?post=40204"},{"taxonomy":"post_tag","embeddable":true,"href":"https:\/\/cdnoticias.com\/index.php\/wp-json\/wp\/v2\/tags?post=40204"}],"curies":[{"name":"wp","href":"https:\/\/api.w.org\/{rel}","templated":true}]}}