{"id":40192,"date":"2021-12-02T08:17:59","date_gmt":"2021-12-02T11:17:59","guid":{"rendered":"http:\/\/www.centraldenoticias.com.ar\/?p=40192"},"modified":"2021-12-02T08:58:12","modified_gmt":"2021-12-02T11:58:12","slug":"camuzzi-comunico-detalles-de-la-obra-de-renovacion-de-gas-en-mariano-moreno","status":"publish","type":"post","link":"https:\/\/cdnoticias.com\/index.php\/2021\/12\/02\/camuzzi-comunico-detalles-de-la-obra-de-renovacion-de-gas-en-mariano-moreno\/","title":{"rendered":"Camuzzi comunic\u00f3 detalles de la obra de renovaci\u00f3n de gas en Mariano Moreno"},"content":{"rendered":"<p>Las tareas consisten en el recambio de ca\u00f1er\u00eda en una extensi\u00f3n de 14.940 metros. La segunda etapa tendr\u00e1 lugar el pr\u00f3ximo a\u00f1o.<!--more--><\/p>\n<hr \/>\n<p>Este martes el intendente Ezequiel Galli junto a personal de Camuzzi<a href=\"https:\/\/cdnoticias.com\/index.php\/2021\/11\/30\/el-intendente-recorrio-la-obra-de-renovacion-de-gas-en-mariano-moreno\/\" target=\"_blank\" rel=\"noopener\"> visitaron la obra de renovaci\u00f3n de la red de distribuci\u00f3n del barrio Mariano Moreno.<\/a><\/p>\n<p>&nbsp;<\/p>\n<p>Desde Camuzzi, detallaron que<strong> ya se encuentran reemplazados 6.000 metros de ca\u00f1er\u00eda de acero por ductos de polietileno de 63 y 50 mil\u00edmetros di\u00e1metro respectivamente<\/strong> <em>\u201cque permitir\u00e1n garantizar una mayor confiabilidad y seguridad en la prestaci\u00f3n del servicio\u201d.<\/em><\/p>\n<p>&nbsp;<\/p>\n<p>Complementariamente, se est\u00e1 trabajando en la reparaci\u00f3n de aquellas veredas que se hayan visto afectadas, como as\u00ed tambi\u00e9n en la instalaci\u00f3n o reacondicionamiento de los servicios domiciliarios.<\/p>\n<p>&nbsp;<\/p>\n<p>La obra prev\u00e9 el reemplazo integral de la ca\u00f1er\u00eda de acero existente en la zona. La obra est\u00e1 a cargo de la firma Alsat Ingenieria S.A. y ya se ha completado m\u00e1s de un tercio de la misma.<strong> La inversi\u00f3n ha sido de $200.000.000.<\/strong><\/p>\n<p>&nbsp;<\/p>\n<blockquote><p>Indicaron que en esta primera etapa se renovar\u00e1n un total 14.500 metros de ca\u00f1er\u00eda en los sectores delimitados por Av. Col\u00f3n, Brown, Rep\u00fablica del L\u00edbano y Av. Pringles.<\/p><\/blockquote>\n<p>&nbsp;<\/p>\n<p>La<strong> segunda etapa de la obra tendr\u00e1 lugar en el 2022<\/strong>, en donde se culminar\u00e1 con el <strong>recambio integral de la red<\/strong>, tras el reemplazo de los ductos de acero ubicados en el sector delimitado por Rep\u00fablica del L\u00edbano hasta avenida Sarmiento, entre Brown y avenida Pringles, como as\u00ed tambi\u00e9n las cuatro manzanas del Hospital Municipal.<\/p>\n","protected":false},"excerpt":{"rendered":"<p>Las tareas consisten en el recambio de ca\u00f1er\u00eda en una extensi\u00f3n de 14.940 metros. La segunda etapa tendr\u00e1 lugar el<\/p>\n","protected":false},"author":5,"featured_media":40194,"comment_status":"closed","ping_status":"closed","sticky":false,"template":"","format":"standard","meta":{"_jetpack_memberships_contains_paid_content":false,"footnotes":""},"categories":[5,1],"tags":[],"class_list":["post-40192","post","type-post","status-publish","format-standard","has-post-thumbnail","hentry","category-informacion-general","category-portada"],"jetpack_featured_media_url":"https:\/\/i0.wp.com\/cdnoticias.com\/wp-content\/uploads\/2021\/11\/MM2.jpeg?fit=1600%2C1200&ssl=1","jetpack_sharing_enabled":true,"_links":{"self":[{"href":"https:\/\/cdnoticias.com\/index.php\/wp-json\/wp\/v2\/posts\/40192","targetHints":{"allow":["GET"]}}],"collection":[{"href":"https:\/\/cdnoticias.com\/index.php\/wp-json\/wp\/v2\/posts"}],"about":[{"href":"https:\/\/cdnoticias.com\/index.php\/wp-json\/wp\/v2\/types\/post"}],"author":[{"embeddable":true,"href":"https:\/\/cdnoticias.com\/index.php\/wp-json\/wp\/v2\/users\/5"}],"replies":[{"embeddable":true,"href":"https:\/\/cdnoticias.com\/index.php\/wp-json\/wp\/v2\/comments?post=40192"}],"version-history":[{"count":0,"href":"https:\/\/cdnoticias.com\/index.php\/wp-json\/wp\/v2\/posts\/40192\/revisions"}],"wp:featuredmedia":[{"embeddable":true,"href":"https:\/\/cdnoticias.com\/index.php\/wp-json\/wp\/v2\/media\/40194"}],"wp:attachment":[{"href":"https:\/\/cdnoticias.com\/index.php\/wp-json\/wp\/v2\/media?parent=40192"}],"wp:term":[{"taxonomy":"category","embeddable":true,"href":"https:\/\/cdnoticias.com\/index.php\/wp-json\/wp\/v2\/categories?post=40192"},{"taxonomy":"post_tag","embeddable":true,"href":"https:\/\/cdnoticias.com\/index.php\/wp-json\/wp\/v2\/tags?post=40192"}],"curies":[{"name":"wp","href":"https:\/\/api.w.org\/{rel}","templated":true}]}}