{"id":40160,"date":"2021-11-30T13:17:54","date_gmt":"2021-11-30T16:17:54","guid":{"rendered":"http:\/\/www.centraldenoticias.com.ar\/?p=40160"},"modified":"2021-11-30T15:21:21","modified_gmt":"2021-11-30T18:21:21","slug":"desvio-de-lixiviados-al-arroyo-esto-paso-por-negligencia-falta-de-controles-y-desidia","status":"publish","type":"post","link":"https:\/\/cdnoticias.com\/index.php\/2021\/11\/30\/desvio-de-lixiviados-al-arroyo-esto-paso-por-negligencia-falta-de-controles-y-desidia\/","title":{"rendered":"Desv\u00edo de lixiviados al arroyo: \u201cesto pas\u00f3 por negligencia, falta de controles y desidia\u201d"},"content":{"rendered":"<p>Lo dijo el concejal Juan S\u00e1nchez quien asegur\u00f3 que la situaci\u00f3n no se ha solucionado y que el secretario de Obras P\u00fablicas, Julio Ferraro, estaba al tanto del problema desde principios de mes. Se aprobaron dos pedidos de informe.<!--more--><\/p>\n<hr \/>\n<p><strong>El Concejo Deliberante aprob\u00f3 dos pedidos de informe por el caso de contaminaci\u00f3n en el arroyo Tapalqu\u00e9 por lixiviados derivados desde el relleno sanitario<\/strong>. Fueron iniciativas impulsadas por <a href=\"https:\/\/cdnoticias.com\/index.php\/2021\/11\/19\/contaminacion-en-el-arroyo-cuestionan-al-municipio-y-piden-control-de-los-servicios-publicos\/\" target=\"_blank\" rel=\"noopener\">los bloques Ahora Olavarr\u00eda<\/a> y <a href=\"https:\/\/cdnoticias.com\/index.php\/2021\/11\/18\/el-frente-de-todos-pedira-un-informe-sobre-la-contaminacion-del-arroyo-tapalque\/\" target=\"_blank\" rel=\"noopener\">Frente de Todos<\/a>, que fueron votados por la totalidad de los concejales en <a href=\"https:\/\/cdnoticias.com\/index.php\/2021\/11\/30\/ultima-sesion-ordinaria-del-concejo-deliberante\/\" target=\"_blank\" rel=\"noopener\">la \u00faltima sesi\u00f3n ordinaria del a\u00f1o<\/a>.<\/p>\n<p>&nbsp;<\/p>\n<blockquote><p>A lo largo de la intervenci\u00f3n de los expositores se apunt\u00f3 contra el Municipio: Juan S\u00e1nchez, Mercedes Land\u00edvar y Eduardo Rodr\u00edguez (FdT) aseguraron que el secretario de Obras P\u00fablicas, Julio Ferraro, estaba al tanto del desv\u00edo de l\u00edquidos desde los primeros d\u00edas de noviembre, antes de que la situaci\u00f3n se expusiera p\u00fablicamente por parte de la empresa y antes de que se hicieran las elecciones Legislativas.<\/p><\/blockquote>\n<p>&nbsp;<\/p>\n<p><strong>El concejal S\u00e1nchez asegur\u00f3 que \u201cesto pas\u00f3 por negligencia, falta de controles y desidia\u201d<\/strong> despu\u00e9s de mostrar un video, fotos y una muestra de agua del arroyo que asegur\u00f3 que fueron tomados este lunes despu\u00e9s de las lluvias del fin de semana. De esta manera se apunt\u00f3 a que <strong>la situaci\u00f3n es repetida y que no se ha solucionado<\/strong>.<\/p>\n<p>&nbsp;<\/p>\n<p><img data-recalc-dims=\"1\" loading=\"lazy\" decoding=\"async\" class=\"size-full wp-image-40169 aligncenter\" src=\"https:\/\/i0.wp.com\/cdnoticias.com\/wp-content\/uploads\/2021\/11\/HCD-relleno-juan-sanchez-01.jpg?resize=800%2C445&#038;ssl=1\" alt=\"\" width=\"800\" height=\"445\" srcset=\"https:\/\/i0.wp.com\/cdnoticias.com\/wp-content\/uploads\/2021\/11\/HCD-relleno-juan-sanchez-01.jpg?w=800&amp;ssl=1 800w, https:\/\/i0.wp.com\/cdnoticias.com\/wp-content\/uploads\/2021\/11\/HCD-relleno-juan-sanchez-01.jpg?resize=300%2C167&amp;ssl=1 300w, https:\/\/i0.wp.com\/cdnoticias.com\/wp-content\/uploads\/2021\/11\/HCD-relleno-juan-sanchez-01.jpg?resize=768%2C427&amp;ssl=1 768w\" sizes=\"auto, (max-width: 800px) 100vw, 800px\" \/><\/p>\n<p>&nbsp;<\/p>\n<p><img data-recalc-dims=\"1\" loading=\"lazy\" decoding=\"async\" class=\"size-full wp-image-40163 aligncenter\" src=\"https:\/\/i0.wp.com\/cdnoticias.com\/wp-content\/uploads\/2021\/11\/HCD-sesion-relleno-02.jpg?resize=800%2C445&#038;ssl=1\" alt=\"\" width=\"800\" height=\"445\" srcset=\"https:\/\/i0.wp.com\/cdnoticias.com\/wp-content\/uploads\/2021\/11\/HCD-sesion-relleno-02.jpg?w=846&amp;ssl=1 846w, https:\/\/i0.wp.com\/cdnoticias.com\/wp-content\/uploads\/2021\/11\/HCD-sesion-relleno-02.jpg?resize=300%2C167&amp;ssl=1 300w, https:\/\/i0.wp.com\/cdnoticias.com\/wp-content\/uploads\/2021\/11\/HCD-sesion-relleno-02.jpg?resize=768%2C428&amp;ssl=1 768w, https:\/\/i0.wp.com\/cdnoticias.com\/wp-content\/uploads\/2021\/11\/HCD-sesion-relleno-02.jpg?resize=800%2C445&amp;ssl=1 800w\" sizes=\"auto, (max-width: 800px) 100vw, 800px\" \/><\/p>\n<p>&nbsp;<\/p>\n<p>La primera en exponer fue <strong>Celeste Arouxet (Ahora Olavarr\u00eda) quien ley\u00f3 el proyecto presentado<\/strong>: un pedido de informe en el que entre otros aspectos solicit\u00f3<em> conocer los \u201can\u00e1lisis f\u00edsicos-qu\u00edmicos realizados en 2020 y 2021 sobre el cauce del Arroyo Tapalqu\u00e9, especificando fecha y lugar de las muestras, tipo de estudio, laboratorio actuante, profesionales matriculados m\u00e1s un informe t\u00e9cnico-ambiental\u201d<\/em> y \u201cun informe sobre inspecciones de la autoridad ejecutora a la concesionaria\u201d.<\/p>\n<p>&nbsp;<\/p>\n<p>Luego habl\u00f3 <strong>S\u00e1nchez<\/strong> quien detall\u00f3 en qu\u00e9 consiste un lixiviado y cu\u00e1l es su peligrosidad. <strong>Carg\u00f3 contra la empresa Transportes Malvinas<\/strong>, concesionaria del servicio de tratamiento de residuos, sobre la que asegur\u00f3 que \u201cintentando quitarse el peso de una responsabilidad que no le es exclusiva, cortan el hilo por los trabajadores, por lo m\u00e1s fino.<strong> Echan a un trabajador, lo acusan de infiel y de originar esto. Un trabajador que hab\u00eda ingresado hac\u00eda 15 d\u00edas luego de tres a\u00f1os de licencia. Qu\u00e9 gana un trabajador con esto<\/strong>\u201d dijo.<\/p>\n<p>&nbsp;<\/p>\n<blockquote><p>Consider\u00f3 que la empresa \u201cno puede decir que no sab\u00edan\u201d y en ese marco coment\u00f3 lo charlado en una reuni\u00f3n entre los trabajadores y concejales del interbloque Frente de Todos quienes les hicieron saber que \u201cesta situaci\u00f3n se viene repitiendo desde hace dos a\u00f1os y que adem\u00e1s est\u00e1 en conocimiento del Municipio\u201d. En ese marco indic\u00f3 que los trabajadores pidieron una reuni\u00f3n con el intendente Ezequiel Galli para informar la situaci\u00f3n y que fueron atendidos por el secretario Ferraro. \u201cLa respuesta de Ferraro fue que iban a solucionar el tema\u201d, a\u00f1adi\u00f3 que el funcionario tambi\u00e9n llev\u00f3 tranquilidad ante el temor de los trabajadores de ser despedidos.<\/p><\/blockquote>\n<p>&nbsp;<\/p>\n<p><img data-recalc-dims=\"1\" loading=\"lazy\" decoding=\"async\" class=\"aligncenter wp-image-40161\" src=\"https:\/\/i0.wp.com\/cdnoticias.com\/wp-content\/uploads\/2021\/11\/HCD-sesion-relleno-00.jpg?resize=800%2C445&#038;ssl=1\" alt=\"\" width=\"800\" height=\"445\" srcset=\"https:\/\/i0.wp.com\/cdnoticias.com\/wp-content\/uploads\/2021\/11\/HCD-sesion-relleno-00.jpg?w=848&amp;ssl=1 848w, https:\/\/i0.wp.com\/cdnoticias.com\/wp-content\/uploads\/2021\/11\/HCD-sesion-relleno-00.jpg?resize=300%2C167&amp;ssl=1 300w, https:\/\/i0.wp.com\/cdnoticias.com\/wp-content\/uploads\/2021\/11\/HCD-sesion-relleno-00.jpg?resize=768%2C427&amp;ssl=1 768w, https:\/\/i0.wp.com\/cdnoticias.com\/wp-content\/uploads\/2021\/11\/HCD-sesion-relleno-00.jpg?resize=800%2C445&amp;ssl=1 800w\" sizes=\"auto, (max-width: 800px) 100vw, 800px\" \/><\/p>\n<p>&nbsp;<\/p>\n<p><img data-recalc-dims=\"1\" loading=\"lazy\" decoding=\"async\" class=\"aligncenter wp-image-40162\" src=\"https:\/\/i0.wp.com\/cdnoticias.com\/wp-content\/uploads\/2021\/11\/HCD-sesion-relleno-01.jpg?resize=800%2C445&#038;ssl=1\" alt=\"\" width=\"800\" height=\"445\" srcset=\"https:\/\/i0.wp.com\/cdnoticias.com\/wp-content\/uploads\/2021\/11\/HCD-sesion-relleno-01.jpg?w=824&amp;ssl=1 824w, https:\/\/i0.wp.com\/cdnoticias.com\/wp-content\/uploads\/2021\/11\/HCD-sesion-relleno-01.jpg?resize=300%2C167&amp;ssl=1 300w, https:\/\/i0.wp.com\/cdnoticias.com\/wp-content\/uploads\/2021\/11\/HCD-sesion-relleno-01.jpg?resize=768%2C427&amp;ssl=1 768w, https:\/\/i0.wp.com\/cdnoticias.com\/wp-content\/uploads\/2021\/11\/HCD-sesion-relleno-01.jpg?resize=800%2C445&amp;ssl=1 800w\" sizes=\"auto, (max-width: 800px) 100vw, 800px\" \/><\/p>\n<p>&nbsp;<\/p>\n<p>M\u00e1s adelante, el concejal hizo hincapi\u00e9 en que<strong> esto sucedi\u00f3 en los d\u00edas previos a las elecciones<\/strong> y que el d\u00eda posterior, el 15 de noviembre, \u201cse ejecut\u00f3 el despido. No esperaron ni un d\u00eda. Lo echaron para que cuando esto tomara conocimiento p\u00fablico tuvieran una salida, la empresa y el Municipio\u201d.<\/p>\n<p>&nbsp;<\/p>\n<p>\u201c<strong>Esto es \u00fanica y puramente responsabilidad del Municipio de Olavarr\u00eda<\/strong>. No hay otro responsable en esta situaci\u00f3n. La soluci\u00f3n no pasa por cambiar la empresa, echar a uno o 10 trabajadores. \u00bfA ustedes les parece justo que le mandemos esto a las ciudades aguas abajo?\u201d sostuvo m\u00e1s adelante Juan S\u00e1nchez para subrayar la importancia de los controles. Asegur\u00f3 que no se tomaron las medidas de remediaciones necesarias y all\u00ed fue que mostr\u00f3 videos y fotos tomados este lunes.<\/p>\n<p>&nbsp;<\/p>\n<blockquote><p>Luego se refiri\u00f3 a la amenaza de la empresa de dejar la concesi\u00f3n actual. \u201cNo creo que a un gremio conducido por el compa\u00f1ero Pablo Moyano, y cuando uno de sus principales integrantes es una de las cabezas m\u00e1s importantes de la CGT, se pueda amedrentar porque la empresa diga eso\u201d lanz\u00f3.\u00a0S\u00e1nchez se quej\u00f3 m\u00e1s adelante, \u201ca esa amenaza no la voy a tolerar, como ciudadano olavarriense. Somos una ciudad de 100 mil habitantes\u201d.<\/p><\/blockquote>\n<p>&nbsp;<\/p>\n<p><img data-recalc-dims=\"1\" loading=\"lazy\" decoding=\"async\" class=\"size-full wp-image-40137 aligncenter\" src=\"https:\/\/i0.wp.com\/cdnoticias.com\/wp-content\/uploads\/2021\/11\/HCD-sesion-00a.jpg?resize=800%2C445&#038;ssl=1\" alt=\"\" width=\"800\" height=\"445\" srcset=\"https:\/\/i0.wp.com\/cdnoticias.com\/wp-content\/uploads\/2021\/11\/HCD-sesion-00a.jpg?w=800&amp;ssl=1 800w, https:\/\/i0.wp.com\/cdnoticias.com\/wp-content\/uploads\/2021\/11\/HCD-sesion-00a.jpg?resize=300%2C167&amp;ssl=1 300w, https:\/\/i0.wp.com\/cdnoticias.com\/wp-content\/uploads\/2021\/11\/HCD-sesion-00a.jpg?resize=768%2C427&amp;ssl=1 768w\" sizes=\"auto, (max-width: 800px) 100vw, 800px\" \/><\/p>\n<p>&nbsp;<\/p>\n<p>En el \u00faltimo tramo de su intervenci\u00f3n, <strong>el concejal pidi\u00f3 que se presente el secretario Ferraro en el Concejo para explicar lo sucedido.<\/strong> \u201c\u00bfNo se amerita que sepamos qu\u00e9 se hace con la empresa?\u201d dijo.<\/p>\n<p>&nbsp;<\/p>\n<p>Luego su compa\u00f1era de bancada, <strong>Mercedes Land\u00edvar<\/strong>, busc\u00f3 con su intervenci\u00f3n<strong> \u201cmostrar las contradicciones, la inacci\u00f3n y el silencio del Municipio y de la empresa\u201d.<\/strong><\/p>\n<p>&nbsp;<\/p>\n<p>Se refiri\u00f3 primero a que la empresa acus\u00f3 a los trabajadores de la desviaci\u00f3n de lixiviados, aunque luego <strong>\u201ca trav\u00e9s de su gerente general mencion\u00f3 que desde hace algunos a\u00f1os ante situaciones clim\u00e1ticas extrema se viene viendo que la capacidad de tratamiento de los lixiviados lleg\u00f3 a su m\u00e1ximo\u201d<\/strong>. Land\u00edvar inform\u00f3 que el mismo directivo de la empresa concesionaria inform\u00f3 que <em>\u201cse han presentado 9 notas al Municipio\u201d<\/em> con planteos por ese tema.<\/p>\n<p>&nbsp;<\/p>\n<p><img data-recalc-dims=\"1\" loading=\"lazy\" decoding=\"async\" class=\"size-large wp-image-19513 aligncenter\" src=\"https:\/\/i0.wp.com\/cdnoticias.com\/wp-content\/uploads\/2021\/04\/HCD-mercedes-landivar.jpg?resize=800%2C445&#038;ssl=1\" alt=\"\" width=\"800\" height=\"445\" srcset=\"https:\/\/i0.wp.com\/cdnoticias.com\/wp-content\/uploads\/2021\/04\/HCD-mercedes-landivar.jpg?resize=1024%2C570&amp;ssl=1 1024w, https:\/\/i0.wp.com\/cdnoticias.com\/wp-content\/uploads\/2021\/04\/HCD-mercedes-landivar.jpg?resize=300%2C167&amp;ssl=1 300w, https:\/\/i0.wp.com\/cdnoticias.com\/wp-content\/uploads\/2021\/04\/HCD-mercedes-landivar.jpg?resize=768%2C427&amp;ssl=1 768w, https:\/\/i0.wp.com\/cdnoticias.com\/wp-content\/uploads\/2021\/04\/HCD-mercedes-landivar.jpg?resize=800%2C445&amp;ssl=1 800w, https:\/\/i0.wp.com\/cdnoticias.com\/wp-content\/uploads\/2021\/04\/HCD-mercedes-landivar.jpg?w=1280&amp;ssl=1 1280w\" sizes=\"auto, (max-width: 800px) 100vw, 800px\" \/><\/p>\n<p>&nbsp;<\/p>\n<blockquote><p>\u201cAyer la empresa hizo otra publicaci\u00f3n diciendo que hay malas intenciones y que por las lluvias otra vez hab\u00eda fuga de l\u00edquidos. Entonces, \u00bfde qu\u00e9 hablamos? Hay fuga de l\u00edquidos, se lleg\u00f3 al m\u00e1ximo, no se hace el tratamiento, el Municipio no da respuesta. \u00bfO lo tapamos con una acusaci\u00f3n a los trabajadores?\u201d se pregunt\u00f3 la concejal.<\/p><\/blockquote>\n<p>&nbsp;<\/p>\n<p>Por \u00faltimo se refiri\u00f3 a <strong>la inspecci\u00f3n del OPDS y del ADA<\/strong>. \u201cLa empresa manifiesta que no se observaron infracciones. Es falso como tambi\u00e9n <a href=\"https:\/\/cdnoticias.com\/index.php\/2021\/11\/19\/contaminacion-en-el-arroyo-opds-y-ada-inspeccionaron-el-relleno-sanitario\/\">el comunicado del Municipio<\/a>. Es otra contradicci\u00f3n. El acta de OPDS y ADA <a href=\"https:\/\/cdnoticias.com\/index.php\/2021\/11\/19\/contaminacion-en-el-arroyo-aguilera-hablo-de-algunas-irregularidades\/\">labraron tres infracciones y se llevan las muestras para hacer estudios<\/a>\u201d a\u00f1adi\u00f3.<\/p>\n<p>&nbsp;<\/p>\n<blockquote><p>\u201cQueda a la vista que lo que sucede es que el sistema ha colapsado producto de la falta de inversi\u00f3n, falta de control, un municipio ausente que mira para el costado y no toma nota de lo que sucede. Lo que sucede es un problema m\u00e1s que grave ambiental y afecta a toda la comunidad\u201d cerr\u00f3 Land\u00edvar.<\/p><\/blockquote>\n<p>&nbsp;<\/p>\n<p><img data-recalc-dims=\"1\" loading=\"lazy\" decoding=\"async\" class=\"size-full wp-image-40165 aligncenter\" src=\"https:\/\/i0.wp.com\/cdnoticias.com\/wp-content\/uploads\/2021\/11\/HCD-sesion-transporte-01.jpg?resize=800%2C445&#038;ssl=1\" alt=\"\" width=\"800\" height=\"445\" srcset=\"https:\/\/i0.wp.com\/cdnoticias.com\/wp-content\/uploads\/2021\/11\/HCD-sesion-transporte-01.jpg?w=800&amp;ssl=1 800w, https:\/\/i0.wp.com\/cdnoticias.com\/wp-content\/uploads\/2021\/11\/HCD-sesion-transporte-01.jpg?resize=300%2C167&amp;ssl=1 300w, https:\/\/i0.wp.com\/cdnoticias.com\/wp-content\/uploads\/2021\/11\/HCD-sesion-transporte-01.jpg?resize=768%2C427&amp;ssl=1 768w\" sizes=\"auto, (max-width: 800px) 100vw, 800px\" \/><\/p>\n<p>&nbsp;<\/p>\n<p>Antes de la votaci\u00f3n el concejal<strong> Eduardo Rodr\u00edguez<\/strong> tom\u00f3 la palabra. \u201cEsperaba una respuesta del bloque oficialista por el pedido de informe. <strong>Tiene una gravedad que requiere al menos alg\u00fan comentario oficial<\/strong>\u201d sostuvo.<\/p>\n<p>&nbsp;<\/p>\n<p>Dio m\u00e1s detalles de la reuni\u00f3n con los trabajadores con otras irregularidades expuestas y apunt\u00f3 a que <strong>\u201cla concesi\u00f3n a la empresa Transportes Malvinas es el contrato m\u00e1s importante que tiene la municipalidad, 805 millones de pesos se prev\u00e9n pagar en 2022<\/strong>. Parece incre\u00edble que ante un servicio tan importante no se tenga un dispositivo de control\u201d.<\/p>\n","protected":false},"excerpt":{"rendered":"<p>Lo dijo el concejal Juan S\u00e1nchez quien asegur\u00f3 que la situaci\u00f3n no se ha solucionado y que el secretario de<\/p>\n","protected":false},"author":4,"featured_media":40168,"comment_status":"closed","ping_status":"closed","sticky":false,"template":"","format":"standard","meta":{"_jetpack_memberships_contains_paid_content":false,"footnotes":""},"categories":[4,1],"tags":[],"class_list":["post-40160","post","type-post","status-publish","format-standard","has-post-thumbnail","hentry","category-politica","category-portada"],"jetpack_featured_media_url":"https:\/\/i0.wp.com\/cdnoticias.com\/wp-content\/uploads\/2021\/11\/HCD-relleno-juan-sanchez-00.jpg?fit=1014%2C565&ssl=1","jetpack_sharing_enabled":true,"_links":{"self":[{"href":"https:\/\/cdnoticias.com\/index.php\/wp-json\/wp\/v2\/posts\/40160","targetHints":{"allow":["GET"]}}],"collection":[{"href":"https:\/\/cdnoticias.com\/index.php\/wp-json\/wp\/v2\/posts"}],"about":[{"href":"https:\/\/cdnoticias.com\/index.php\/wp-json\/wp\/v2\/types\/post"}],"author":[{"embeddable":true,"href":"https:\/\/cdnoticias.com\/index.php\/wp-json\/wp\/v2\/users\/4"}],"replies":[{"embeddable":true,"href":"https:\/\/cdnoticias.com\/index.php\/wp-json\/wp\/v2\/comments?post=40160"}],"version-history":[{"count":0,"href":"https:\/\/cdnoticias.com\/index.php\/wp-json\/wp\/v2\/posts\/40160\/revisions"}],"wp:featuredmedia":[{"embeddable":true,"href":"https:\/\/cdnoticias.com\/index.php\/wp-json\/wp\/v2\/media\/40168"}],"wp:attachment":[{"href":"https:\/\/cdnoticias.com\/index.php\/wp-json\/wp\/v2\/media?parent=40160"}],"wp:term":[{"taxonomy":"category","embeddable":true,"href":"https:\/\/cdnoticias.com\/index.php\/wp-json\/wp\/v2\/categories?post=40160"},{"taxonomy":"post_tag","embeddable":true,"href":"https:\/\/cdnoticias.com\/index.php\/wp-json\/wp\/v2\/tags?post=40160"}],"curies":[{"name":"wp","href":"https:\/\/api.w.org\/{rel}","templated":true}]}}