{"id":40133,"date":"2021-11-30T10:48:56","date_gmt":"2021-11-30T13:48:56","guid":{"rendered":"http:\/\/www.centraldenoticias.com.ar\/?p=40133"},"modified":"2021-11-30T11:18:22","modified_gmt":"2021-11-30T14:18:22","slug":"ultima-sesion-ordinaria-del-concejo-deliberante","status":"publish","type":"post","link":"https:\/\/cdnoticias.com\/index.php\/2021\/11\/30\/ultima-sesion-ordinaria-del-concejo-deliberante\/","title":{"rendered":"\u00daltima sesi\u00f3n ordinaria del Concejo Deliberante"},"content":{"rendered":"<p>Desde las 9.30 sesiona el cuerpo y ser\u00e1 la despedida para siete de diez concejales cuyos mandatos finalizan.<!--more--><\/p>\n<hr \/>\n<p><strong>Este martes se realiza la \u00faltima sesi\u00f3n ordinaria del Concejo Deliberante<\/strong> y ser\u00e1 la despedida para siete de diez concejales cuyos mandatos finalizan el 10 de diciembre.<\/p>\n<p>&nbsp;<\/p>\n<p>Terminar\u00e1n sus mandatos <strong>Germ\u00e1n Aramburu y Alicia Almada<\/strong>, y con ellos desaparecer\u00e1 el bloque Renovaci\u00f3n Peronista.<\/p>\n<p>&nbsp;<\/p>\n<p><img data-recalc-dims=\"1\" loading=\"lazy\" decoding=\"async\" class=\"size-full wp-image-40137 aligncenter\" src=\"https:\/\/i0.wp.com\/cdnoticias.com\/wp-content\/uploads\/2021\/11\/HCD-sesion-00a.jpg?resize=800%2C445&#038;ssl=1\" alt=\"\" width=\"800\" height=\"445\" srcset=\"https:\/\/i0.wp.com\/cdnoticias.com\/wp-content\/uploads\/2021\/11\/HCD-sesion-00a.jpg?w=800&amp;ssl=1 800w, https:\/\/i0.wp.com\/cdnoticias.com\/wp-content\/uploads\/2021\/11\/HCD-sesion-00a.jpg?resize=300%2C167&amp;ssl=1 300w, https:\/\/i0.wp.com\/cdnoticias.com\/wp-content\/uploads\/2021\/11\/HCD-sesion-00a.jpg?resize=768%2C427&amp;ssl=1 768w\" sizes=\"auto, (max-width: 800px) 100vw, 800px\" \/><\/p>\n<p>&nbsp;<\/p>\n<p>A su vez, finalizan su periodo deliberativo por el bloque Juntos finaliza<strong> Ferm\u00edn Ferreira<\/strong>; de la UCR, <strong>Mart\u00edn Lastape<\/strong>; y por el interbloque Frente de Todos terminan <strong>Eduardo Rodr\u00edguez, Pamela Juri<\/strong> (quien ocup\u00f3 la banca en los \u00faltimos tres meses) y <strong>Guillermo Santell\u00e1n<\/strong>.<\/p>\n<p>&nbsp;<\/p>\n<p>Tambi\u00e9n cumplir\u00e1n el final de su mandato <strong>Bruno Cenizo y Mar\u00eda Jos\u00e9 Gonz\u00e1lez<\/strong> ( de Juntos) y <strong>Celeste Arouxet<\/strong> (de Ahora Olavarr\u00eda). <strong>Ellos fueron reelectos y reasumir\u00e1n la semana pr\u00f3xima<\/strong>.<\/p>\n<p>&nbsp;<\/p>\n<p><img data-recalc-dims=\"1\" loading=\"lazy\" decoding=\"async\" class=\"size-full wp-image-40136 aligncenter\" src=\"https:\/\/i0.wp.com\/cdnoticias.com\/wp-content\/uploads\/2021\/11\/HCD-sesion-00.jpg?resize=800%2C445&#038;ssl=1\" alt=\"\" width=\"800\" height=\"445\" srcset=\"https:\/\/i0.wp.com\/cdnoticias.com\/wp-content\/uploads\/2021\/11\/HCD-sesion-00.jpg?w=800&amp;ssl=1 800w, https:\/\/i0.wp.com\/cdnoticias.com\/wp-content\/uploads\/2021\/11\/HCD-sesion-00.jpg?resize=300%2C167&amp;ssl=1 300w, https:\/\/i0.wp.com\/cdnoticias.com\/wp-content\/uploads\/2021\/11\/HCD-sesion-00.jpg?resize=768%2C427&amp;ssl=1 768w\" sizes=\"auto, (max-width: 800px) 100vw, 800px\" \/><\/p>\n<p>&nbsp;<\/p>\n<p><strong>En la sesi\u00f3n de este martes se tratar\u00e1n 40 expedientes<\/strong>. Uno de los m\u00e1s importantes ser\u00e1 <a href=\"https:\/\/cdnoticias.com\/index.php\/2021\/11\/29\/el-hcd-analizara-la-apertura-de-licitacion-al-transporte-publico-interurbano\/\" target=\"_blank\" rel=\"noopener\">la habilitaci\u00f3n al Ejecutivo para convocar a la licitaci\u00f3n del transporte interurbano<\/a>.<\/p>\n<p>&nbsp;<\/p>\n<p>A su vez se cuenta <strong>un pedido de licencia del intendente Ezequiel Galli entre el 28 de enero y el 4 de febrero<\/strong>. Ser\u00e1 reemplazado por el concejal Juan Mujica en ese periodo.<\/p>\n<p>&nbsp;<\/p>\n<p><img data-recalc-dims=\"1\" loading=\"lazy\" decoding=\"async\" class=\"size-full wp-image-40135 aligncenter\" src=\"https:\/\/i0.wp.com\/cdnoticias.com\/wp-content\/uploads\/2021\/11\/HCD-sesion-02.jpg?resize=800%2C445&#038;ssl=1\" alt=\"\" width=\"800\" height=\"445\" srcset=\"https:\/\/i0.wp.com\/cdnoticias.com\/wp-content\/uploads\/2021\/11\/HCD-sesion-02.jpg?w=800&amp;ssl=1 800w, https:\/\/i0.wp.com\/cdnoticias.com\/wp-content\/uploads\/2021\/11\/HCD-sesion-02.jpg?resize=300%2C167&amp;ssl=1 300w, https:\/\/i0.wp.com\/cdnoticias.com\/wp-content\/uploads\/2021\/11\/HCD-sesion-02.jpg?resize=768%2C427&amp;ssl=1 768w\" sizes=\"auto, (max-width: 800px) 100vw, 800px\" \/><\/p>\n","protected":false},"excerpt":{"rendered":"<p>Desde las 9.30 sesiona el cuerpo y ser\u00e1 la despedida para siete de diez concejales cuyos mandatos finalizan.<\/p>\n","protected":false},"author":4,"featured_media":40134,"comment_status":"closed","ping_status":"closed","sticky":false,"template":"","format":"standard","meta":{"_jetpack_memberships_contains_paid_content":false,"footnotes":""},"categories":[4,1],"tags":[],"class_list":["post-40133","post","type-post","status-publish","format-standard","has-post-thumbnail","hentry","category-politica","category-portada"],"jetpack_featured_media_url":"https:\/\/i0.wp.com\/cdnoticias.com\/wp-content\/uploads\/2021\/11\/HCD-sesion-01.jpg?fit=800%2C445&ssl=1","jetpack_sharing_enabled":true,"_links":{"self":[{"href":"https:\/\/cdnoticias.com\/index.php\/wp-json\/wp\/v2\/posts\/40133","targetHints":{"allow":["GET"]}}],"collection":[{"href":"https:\/\/cdnoticias.com\/index.php\/wp-json\/wp\/v2\/posts"}],"about":[{"href":"https:\/\/cdnoticias.com\/index.php\/wp-json\/wp\/v2\/types\/post"}],"author":[{"embeddable":true,"href":"https:\/\/cdnoticias.com\/index.php\/wp-json\/wp\/v2\/users\/4"}],"replies":[{"embeddable":true,"href":"https:\/\/cdnoticias.com\/index.php\/wp-json\/wp\/v2\/comments?post=40133"}],"version-history":[{"count":0,"href":"https:\/\/cdnoticias.com\/index.php\/wp-json\/wp\/v2\/posts\/40133\/revisions"}],"wp:featuredmedia":[{"embeddable":true,"href":"https:\/\/cdnoticias.com\/index.php\/wp-json\/wp\/v2\/media\/40134"}],"wp:attachment":[{"href":"https:\/\/cdnoticias.com\/index.php\/wp-json\/wp\/v2\/media?parent=40133"}],"wp:term":[{"taxonomy":"category","embeddable":true,"href":"https:\/\/cdnoticias.com\/index.php\/wp-json\/wp\/v2\/categories?post=40133"},{"taxonomy":"post_tag","embeddable":true,"href":"https:\/\/cdnoticias.com\/index.php\/wp-json\/wp\/v2\/tags?post=40133"}],"curies":[{"name":"wp","href":"https:\/\/api.w.org\/{rel}","templated":true}]}}