{"id":40109,"date":"2021-11-29T17:41:49","date_gmt":"2021-11-29T20:41:49","guid":{"rendered":"http:\/\/www.centraldenoticias.com.ar\/?p=40109"},"modified":"2021-11-29T17:41:49","modified_gmt":"2021-11-29T20:41:49","slug":"cicloturismo-este-sabado-sera-la-anteultima-salida-del-ano","status":"publish","type":"post","link":"https:\/\/cdnoticias.com\/index.php\/2021\/11\/29\/cicloturismo-este-sabado-sera-la-anteultima-salida-del-ano\/","title":{"rendered":"Cicloturismo: Este s\u00e1bado ser\u00e1 la ante\u00faltima salida del a\u00f1o"},"content":{"rendered":"<p>El destino ser\u00e1 el Aer\u00f3dromo, en el marco de la sexta edici\u00f3n del Festival A\u00e9reo \u201cOlavarr\u00eda Vuela 2021\u201d.<!--more--><\/p>\n<hr \/>\n<p>&nbsp;<\/p>\n<p>La Direcci\u00f3n de Turismo de la Secretar\u00eda de Desarrollo Econ\u00f3mico, con el respaldo de la Subsecretar\u00eda de Deportes y Recreaci\u00f3n, invita a participar de la <strong>ante\u00faltima salida de cicloturismo del a\u00f1o<\/strong>, coordinada por el grupo Bici Tours.<\/p>\n<p>&nbsp;<\/p>\n<p>La jornada se realizar\u00e1 el pr\u00f3ximo <strong>s\u00e1bado 4 de diciembre<\/strong>, con un recorrido de <strong>intensidad baja (30km total) hacia el Aer\u00f3dromo, en el marco de la sexta edici\u00f3n del Festival A\u00e9reo \u201cOlavarr\u00eda Vuelva 2021\u201d.<\/strong><\/p>\n<p>&nbsp;<\/p>\n<blockquote><p>El punto de partida ser\u00e1 el Paseo \u201cJes\u00fas Mend\u00eda\u201d. El horario de salida ser\u00e1 a las 14 horas y la concentraci\u00f3n, a partir de las 13:15 horas.<\/p><\/blockquote>\n<p>&nbsp;<\/p>\n<p>El objetivo de este tipo de iniciativas es, por un lado, descubrir y redescubrir los paisajes y atractivos tur\u00edsticos que ofrece tanto la ciudad como las localidades del Partido, y por otro lado generar conciencia tur\u00edstica, como complemento del Programa de Concientizaci\u00f3n Tur\u00edstica que lleva adelante la Direcci\u00f3n. Tambi\u00e9n se pretende promover h\u00e1bitos saludables mediante el ejercicio f\u00edsico. Asimismo, esta propuesta incentiva el conocimiento de nuevos emprendimientos tur\u00edsticos ayud\u00e1ndolos a posicionarse.<\/p>\n<p>&nbsp;<\/p>\n<p><img data-recalc-dims=\"1\" loading=\"lazy\" decoding=\"async\" class=\"alignnone size-large wp-image-40110\" src=\"https:\/\/i0.wp.com\/cdnoticias.com\/wp-content\/uploads\/2021\/11\/Olavarr%C3%ADa-Vuela-3-1024x662-1024x662.jpg?resize=800%2C517&#038;ssl=1\" alt=\"\" width=\"800\" height=\"517\" srcset=\"https:\/\/i0.wp.com\/cdnoticias.com\/wp-content\/uploads\/2021\/11\/Olavarr%C3%ADa-Vuela-3-1024x662.jpg?resize=1024%2C662&amp;ssl=1 1024w, https:\/\/i0.wp.com\/cdnoticias.com\/wp-content\/uploads\/2021\/11\/Olavarr%C3%ADa-Vuela-3-1024x662.jpg?resize=300%2C194&amp;ssl=1 300w, https:\/\/i0.wp.com\/cdnoticias.com\/wp-content\/uploads\/2021\/11\/Olavarr%C3%ADa-Vuela-3-1024x662.jpg?resize=768%2C497&amp;ssl=1 768w\" sizes=\"auto, (max-width: 800px) 100vw, 800px\" \/><\/p>\n<p>&nbsp;<\/p>\n<p>Pueden participar del cicloturismo todas aquellas personas habituadas a andar en bicicleta, que tengan inter\u00e9s en conocer los diferentes atractivos tur\u00edsticos.<strong> Se requiere de una bicicleta tipo mountain bike, casco, hidrataci\u00f3n y aptitud para los distintos niveles de dificultad de cada recorrido.<\/strong><\/p>\n<p>&nbsp;<\/p>\n<p>Quienes quieran participar deber\u00e1n inscribirse en el siguiente link o tambi\u00e9n podr\u00e1n acercarse a la Direcci\u00f3n de Turismo, en Rivadavia 2780, de 8 a 14 horas, telef\u00f3nicamente (2284) 480023 o por mail a turismo@olavarria.gov.ar<\/p>\n","protected":false},"excerpt":{"rendered":"<p>El destino ser\u00e1 el Aer\u00f3dromo, en el marco de la sexta edici\u00f3n del Festival A\u00e9reo \u201cOlavarr\u00eda Vuela 2021\u201d.<\/p>\n","protected":false},"author":5,"featured_media":28561,"comment_status":"closed","ping_status":"closed","sticky":false,"template":"","format":"standard","meta":{"_jetpack_memberships_contains_paid_content":false,"footnotes":""},"categories":[5,1],"tags":[],"class_list":["post-40109","post","type-post","status-publish","format-standard","has-post-thumbnail","hentry","category-informacion-general","category-portada"],"jetpack_featured_media_url":"https:\/\/i0.wp.com\/cdnoticias.com\/wp-content\/uploads\/2021\/08\/Turismo-Cicloturismo.jpg?fit=720%2C431&ssl=1","jetpack_sharing_enabled":true,"_links":{"self":[{"href":"https:\/\/cdnoticias.com\/index.php\/wp-json\/wp\/v2\/posts\/40109","targetHints":{"allow":["GET"]}}],"collection":[{"href":"https:\/\/cdnoticias.com\/index.php\/wp-json\/wp\/v2\/posts"}],"about":[{"href":"https:\/\/cdnoticias.com\/index.php\/wp-json\/wp\/v2\/types\/post"}],"author":[{"embeddable":true,"href":"https:\/\/cdnoticias.com\/index.php\/wp-json\/wp\/v2\/users\/5"}],"replies":[{"embeddable":true,"href":"https:\/\/cdnoticias.com\/index.php\/wp-json\/wp\/v2\/comments?post=40109"}],"version-history":[{"count":0,"href":"https:\/\/cdnoticias.com\/index.php\/wp-json\/wp\/v2\/posts\/40109\/revisions"}],"wp:featuredmedia":[{"embeddable":true,"href":"https:\/\/cdnoticias.com\/index.php\/wp-json\/wp\/v2\/media\/28561"}],"wp:attachment":[{"href":"https:\/\/cdnoticias.com\/index.php\/wp-json\/wp\/v2\/media?parent=40109"}],"wp:term":[{"taxonomy":"category","embeddable":true,"href":"https:\/\/cdnoticias.com\/index.php\/wp-json\/wp\/v2\/categories?post=40109"},{"taxonomy":"post_tag","embeddable":true,"href":"https:\/\/cdnoticias.com\/index.php\/wp-json\/wp\/v2\/tags?post=40109"}],"curies":[{"name":"wp","href":"https:\/\/api.w.org\/{rel}","templated":true}]}}