{"id":40101,"date":"2021-11-29T13:43:07","date_gmt":"2021-11-29T16:43:07","guid":{"rendered":"http:\/\/www.centraldenoticias.com.ar\/?p=40101"},"modified":"2021-11-29T13:43:07","modified_gmt":"2021-11-29T16:43:07","slug":"oscar-alfredo-arouxet-oscarcito-q-e-p-d","status":"publish","type":"post","link":"https:\/\/cdnoticias.com\/index.php\/2021\/11\/29\/oscar-alfredo-arouxet-oscarcito-q-e-p-d\/","title":{"rendered":"Oscar Alfredo Arouxet &#8220;Oscarcito&#8221; (Q.E.P.D.)"},"content":{"rendered":"<p>Falleci\u00f3 en Capital el d\u00eda 28 de noviembre de 2021 a los 72 a\u00f1os de edad.<\/p>\n<p>&nbsp;<\/p>\n<p>Su esposa Gladys. Sus hijos: Vanesa, Dolly, Oscar y Alma. Sus hijos pol\u00edticos: Lucas, Sergio, Paula y el Ruso. Sus nietos: Favio, Bruno, Camilo, Gino, Emilio y Joaqu\u00edn. Su hermano Carlos. Sus hermanos pol\u00edticos: Edgardo, Javier y Abel. Sus sobrinos y dem\u00e1s deudos participan su fallecimiento.<\/p>\n<p>&nbsp;<\/p>\n<p>Velatorio: Sala &#8220;B&#8221; de Espa\u00f1a 2942, comienza a las 13:30. Responso: Capilla Ardiente. Inhumaci\u00f3n: Loma de Paz, lunes 29 de noviembre a las 15:30 horas. Servicio adherido a Coopelectric.<\/p>\n<p>&nbsp;<\/p>\n<p>Barrio en el que viv\u00eda: San Carlos.<\/p>\n<p>&nbsp;<\/p>\n<p>Lugar de nacimiento: Santa Luisa.<\/p>\n<p>&nbsp;<\/p>\n<p>Actividad que desarrollaba: Jubilado de Cerro Negro.<\/p>\n","protected":false},"excerpt":{"rendered":"<p>Falleci\u00f3 en Capital el d\u00eda 28 de noviembre de 2021 a los 72 a\u00f1os de edad. &nbsp; Su esposa Gladys.<\/p>\n","protected":false},"author":4,"featured_media":0,"comment_status":"closed","ping_status":"closed","sticky":false,"template":"","format":"standard","meta":{"_jetpack_memberships_contains_paid_content":false,"footnotes":""},"categories":[10],"tags":[],"class_list":["post-40101","post","type-post","status-publish","format-standard","hentry","category-necrologicas"],"jetpack_featured_media_url":"","jetpack_sharing_enabled":true,"_links":{"self":[{"href":"https:\/\/cdnoticias.com\/index.php\/wp-json\/wp\/v2\/posts\/40101","targetHints":{"allow":["GET"]}}],"collection":[{"href":"https:\/\/cdnoticias.com\/index.php\/wp-json\/wp\/v2\/posts"}],"about":[{"href":"https:\/\/cdnoticias.com\/index.php\/wp-json\/wp\/v2\/types\/post"}],"author":[{"embeddable":true,"href":"https:\/\/cdnoticias.com\/index.php\/wp-json\/wp\/v2\/users\/4"}],"replies":[{"embeddable":true,"href":"https:\/\/cdnoticias.com\/index.php\/wp-json\/wp\/v2\/comments?post=40101"}],"version-history":[{"count":0,"href":"https:\/\/cdnoticias.com\/index.php\/wp-json\/wp\/v2\/posts\/40101\/revisions"}],"wp:attachment":[{"href":"https:\/\/cdnoticias.com\/index.php\/wp-json\/wp\/v2\/media?parent=40101"}],"wp:term":[{"taxonomy":"category","embeddable":true,"href":"https:\/\/cdnoticias.com\/index.php\/wp-json\/wp\/v2\/categories?post=40101"},{"taxonomy":"post_tag","embeddable":true,"href":"https:\/\/cdnoticias.com\/index.php\/wp-json\/wp\/v2\/tags?post=40101"}],"curies":[{"name":"wp","href":"https:\/\/api.w.org\/{rel}","templated":true}]}}