{"id":40093,"date":"2021-11-29T13:35:50","date_gmt":"2021-11-29T16:35:50","guid":{"rendered":"http:\/\/www.centraldenoticias.com.ar\/?p=40093"},"modified":"2021-11-29T13:35:50","modified_gmt":"2021-11-29T16:35:50","slug":"ciclo-delaltillo-se-presentara-desparido-de-fabricio-lucio","status":"publish","type":"post","link":"https:\/\/cdnoticias.com\/index.php\/2021\/11\/29\/ciclo-delaltillo-se-presentara-desparido-de-fabricio-lucio\/","title":{"rendered":"Ciclo delaltillo: se presentar\u00e1 \u201cDesparido\u201d de Fabricio Lucio"},"content":{"rendered":"<p>Ser\u00e1 este s\u00e1bado a las 19:00 horas, en la Casa del Bicentenario. De esta forma concluir\u00e1 un exitoso ciclo con la presentaci\u00f3n de cinco libros.\u00a0<!--more--><\/p>\n<hr \/>\n<p>El <strong>pr\u00f3ximo s\u00e1bado a las 19:00 horas en la Casa del Bicententario se presentar\u00e1 \u201cDesparido\u201d, la segunda novela de Fabricio Lucio<\/strong>, y de esta forma se cerrar\u00e1 el ciclo de la editorial <strong><em>delaltillo.<\/em><\/strong><\/p>\n<p>&nbsp;<\/p>\n<blockquote><p>La presentaci\u00f3n es con entrada libre y gratuita (seg\u00fan aforo) y adem\u00e1s se servir\u00e1 un vino de honor a los asistentes.<\/p><\/blockquote>\n<p>&nbsp;<\/p>\n<p>De esta forma concluir\u00e1 un productivo y exitoso ciclo donde <strong><em>delaltillo<\/em><\/strong> que durante este 2021 hizo p\u00fablica su gran producci\u00f3n: fueron cinco los autores y autoras que se hicieron presentes. Adem\u00e1s de Lucio, la editorial present\u00f3 <strong><em>\u201cCaliz para laicos\u201d<\/em><\/strong> de Guillermo Del Zotto, <strong><em>\u201cQuinto elemento\u201d<\/em> <\/strong>de Alberto Bernab\u00e9 S\u00e1nchez Graf,<em><strong> \u201cComienzo del juego \u2013 el arte de las estatuas vivientes\u201d<\/strong> <\/em>de Mar\u00eda In\u00e9s Banegas y <strong><em>\u201cEl mismo r\u00edo\u201d<\/em> <\/strong>de Carlos Verucchi.<\/p>\n<p>&nbsp;<\/p>\n<p>Acerca de \u201cDesparido\u201d, Gloria Salas destaca en la contratapa que Fabricio Lucio <em>\u201cen su segunda novela, vuelve a conmovernos con un personaje que no ha sido formado para vivir la vida que le toca. No acepta su vida y sus circunstancias. Con un alto grado de inocencia busca a su madre. Indefenso, perdido, sin saber ver lo que le ha sucedido, recorre un mundo insensible, de burocracia fr\u00eda, amores que no cuajan, puertas que no se abren y penas que no cesan\u201d.<\/em><\/p>\n<p>&nbsp;<\/p>\n<p><strong><em>\u201cAs\u00ed quedan plasmados: el ni\u00f1o, el muchacho y el hombre que vuelve a ser el ni\u00f1o que no se dio cuenta. Y despierta nuestros deseos de ser el personaje que pueda ayudarlo\u201d<\/em> <\/strong>cierra.<\/p>\n","protected":false},"excerpt":{"rendered":"<p>Ser\u00e1 este s\u00e1bado a las 19:00 horas, en la Casa del Bicentenario. De esta forma concluir\u00e1 un exitoso ciclo con<\/p>\n","protected":false},"author":2,"featured_media":40097,"comment_status":"closed","ping_status":"closed","sticky":false,"template":"","format":"standard","meta":{"_jetpack_memberships_contains_paid_content":false,"footnotes":""},"categories":[9,1],"tags":[],"class_list":["post-40093","post","type-post","status-publish","format-standard","has-post-thumbnail","hentry","category-cultura","category-portada"],"jetpack_featured_media_url":"https:\/\/i0.wp.com\/cdnoticias.com\/wp-content\/uploads\/2021\/11\/DESPARIDO.jpeg?fit=1280%2C1280&ssl=1","jetpack_sharing_enabled":true,"_links":{"self":[{"href":"https:\/\/cdnoticias.com\/index.php\/wp-json\/wp\/v2\/posts\/40093","targetHints":{"allow":["GET"]}}],"collection":[{"href":"https:\/\/cdnoticias.com\/index.php\/wp-json\/wp\/v2\/posts"}],"about":[{"href":"https:\/\/cdnoticias.com\/index.php\/wp-json\/wp\/v2\/types\/post"}],"author":[{"embeddable":true,"href":"https:\/\/cdnoticias.com\/index.php\/wp-json\/wp\/v2\/users\/2"}],"replies":[{"embeddable":true,"href":"https:\/\/cdnoticias.com\/index.php\/wp-json\/wp\/v2\/comments?post=40093"}],"version-history":[{"count":0,"href":"https:\/\/cdnoticias.com\/index.php\/wp-json\/wp\/v2\/posts\/40093\/revisions"}],"wp:featuredmedia":[{"embeddable":true,"href":"https:\/\/cdnoticias.com\/index.php\/wp-json\/wp\/v2\/media\/40097"}],"wp:attachment":[{"href":"https:\/\/cdnoticias.com\/index.php\/wp-json\/wp\/v2\/media?parent=40093"}],"wp:term":[{"taxonomy":"category","embeddable":true,"href":"https:\/\/cdnoticias.com\/index.php\/wp-json\/wp\/v2\/categories?post=40093"},{"taxonomy":"post_tag","embeddable":true,"href":"https:\/\/cdnoticias.com\/index.php\/wp-json\/wp\/v2\/tags?post=40093"}],"curies":[{"name":"wp","href":"https:\/\/api.w.org\/{rel}","templated":true}]}}