{"id":40088,"date":"2021-11-29T12:19:43","date_gmt":"2021-11-29T15:19:43","guid":{"rendered":"http:\/\/www.centraldenoticias.com.ar\/?p=40088"},"modified":"2021-11-29T12:19:43","modified_gmt":"2021-11-29T15:19:43","slug":"la-provincia-tendra-vacunacion-libre-para-mayores-de-3-anos","status":"publish","type":"post","link":"https:\/\/cdnoticias.com\/index.php\/2021\/11\/29\/la-provincia-tendra-vacunacion-libre-para-mayores-de-3-anos\/","title":{"rendered":"La provincia tendr\u00e1 vacunaci\u00f3n libre para mayores de 3 a\u00f1os"},"content":{"rendered":"<p>Lo anunci\u00f3 el gobernador Axel Kicillof para la primera dosis y se habilitar\u00e1 este martes. En tanto, desde el 10 de diciembre se libera tambi\u00e9n la segunda para toda la poblaci\u00f3n.<!--more--><\/p>\n<hr \/>\n<p><strong>El gobernador Axel Kicillof anunci\u00f3 que desde este martes la vacunaci\u00f3n ser\u00e1 libre, en su primera dosis, para los mayores de 3 a\u00f1os en toda la provincia de Buenos Aires<\/strong>, es decir, sin necesidad de turnos ni inscripci\u00f3n; mientras que <strong>desde el 10 de diciembre tambi\u00e9n se liberar\u00e1 completamente para la segunda dosis<\/strong> de toda la poblaci\u00f3n vacunable.<\/p>\n<p>&nbsp;<\/p>\n<blockquote><p>\u201cSon medidas que facilitan y agilizan la vacunaci\u00f3n universal en la provincia de Buenos Aires\u201d, dijo el gobernador. \u201cEl \u00fanico requisito es ser bonaerense. Hay que concurrir con el documento que acredite la identidad. Es un paso inmenso, extraordinario\u201d, agreg\u00f3.<\/p><\/blockquote>\n<p>&nbsp;<\/p>\n<p><img data-recalc-dims=\"1\" loading=\"lazy\" decoding=\"async\" class=\"size-large wp-image-40082 aligncenter\" src=\"https:\/\/i0.wp.com\/cdnoticias.com\/wp-content\/uploads\/2021\/11\/kicillof-kreplak-anuncio-2.jpg?resize=800%2C452&#038;ssl=1\" alt=\"\" width=\"800\" height=\"452\" srcset=\"https:\/\/i0.wp.com\/cdnoticias.com\/wp-content\/uploads\/2021\/11\/kicillof-kreplak-anuncio-2.jpg?resize=1024%2C578&amp;ssl=1 1024w, https:\/\/i0.wp.com\/cdnoticias.com\/wp-content\/uploads\/2021\/11\/kicillof-kreplak-anuncio-2.jpg?resize=300%2C169&amp;ssl=1 300w, https:\/\/i0.wp.com\/cdnoticias.com\/wp-content\/uploads\/2021\/11\/kicillof-kreplak-anuncio-2.jpg?resize=768%2C434&amp;ssl=1 768w, https:\/\/i0.wp.com\/cdnoticias.com\/wp-content\/uploads\/2021\/11\/kicillof-kreplak-anuncio-2.jpg?w=1360&amp;ssl=1 1360w\" sizes=\"auto, (max-width: 800px) 100vw, 800px\" \/><\/p>\n<p>&nbsp;<\/p>\n<p>Kicillof realiz\u00f3 los anuncios esta ma\u00f1ana en el Hospital San Juan de Dios de La Plata, donde confirm\u00f3 tambi\u00e9n que <strong>ya comenz\u00f3 la aplicaci\u00f3n de las dosis de refuerzo para el personal de salud<\/strong>. En tanto, en las \u00faltimas horas, el Gobierno tambi\u00e9n empez\u00f3 a<a href=\"https:\/\/cdnoticias.com\/index.php\/2021\/11\/29\/la-provincia-ya-envia-turnos-para-dosis-de-refuerzo-a-mayores-de-70-anos\/\" target=\"_blank\" rel=\"noopener\"> enviar turnos para los refuerzos<\/a> destinados mayores de 70.<\/p>\n<p>&nbsp;<\/p>\n<p>\u201cEstamos de nuevo en una situaci\u00f3n de riesgo con la pandemia. Pensamos que no, que se hab\u00eda visto el final, pero vemos lo que est\u00e1 pasando en Europa\u201d, advirti\u00f3 el mandatario. <strong>\u201cLa Provincia hizo todo lo que est\u00e1 a nuestro alcance. Hay que tomar conciencia del riesgo que implica no vacunarse\u201d<\/strong>, ampli\u00f3 sobre el plan de vacunaci\u00f3n.<\/p>\n<p>&nbsp;<\/p>\n<p>\u201cVac\u00fanense todos y todas.<strong> Tenemos las vacunas, los vacunatorios, la experiencia, el aval cient\u00edfico<\/strong>. Es un acto de much\u00edsima irresponsabilidad el no vacunarse\u201d, concluy\u00f3.<\/p>\n<p>&nbsp;<\/p>\n<p><img data-recalc-dims=\"1\" loading=\"lazy\" decoding=\"async\" class=\"aligncenter wp-image-40084 size-large\" src=\"https:\/\/i0.wp.com\/cdnoticias.com\/wp-content\/uploads\/2021\/11\/kicillof-kreplak-anuncio-1.jpg?resize=800%2C452&#038;ssl=1\" alt=\"\" width=\"800\" height=\"452\" srcset=\"https:\/\/i0.wp.com\/cdnoticias.com\/wp-content\/uploads\/2021\/11\/kicillof-kreplak-anuncio-1.jpg?resize=1024%2C578&amp;ssl=1 1024w, https:\/\/i0.wp.com\/cdnoticias.com\/wp-content\/uploads\/2021\/11\/kicillof-kreplak-anuncio-1.jpg?resize=300%2C169&amp;ssl=1 300w, https:\/\/i0.wp.com\/cdnoticias.com\/wp-content\/uploads\/2021\/11\/kicillof-kreplak-anuncio-1.jpg?resize=768%2C434&amp;ssl=1 768w, https:\/\/i0.wp.com\/cdnoticias.com\/wp-content\/uploads\/2021\/11\/kicillof-kreplak-anuncio-1.jpg?w=1360&amp;ssl=1 1360w\" sizes=\"auto, (max-width: 800px) 100vw, 800px\" \/><\/p>\n<p>&nbsp;<\/p>\n<p>A su turno, <strong>el ministro de Salud bonaerense, Nicol\u00e1s Kreplak,<\/strong> indic\u00f3 que si bien los casos han tenido un leve aumento\u2013 fue de un 8% el incremento de los contagios en la \u00faltima semana\u2013 representan solo el 5% de los contagios del pico de la segunda ola.\u00a0 Y resalt\u00f3 que la Argentina es uno de los pa\u00edses que est\u00e1 en mejor situaci\u00f3n epidemiol\u00f3gica en todo el mundo. \u201cTenemos que sostener esto\u201d, ampli\u00f3.<\/p>\n<p>&nbsp;<\/p>\n<blockquote><p>\u201cHay 14 millones de bonaerenses que se dieron la primera dosis y, entre estos, 11,5 millones completaron el esquema con la segunda dosis\u201d, indic\u00f3. Asimismo, pidi\u00f3 seguir con las medidas de cuidado y completar los esquemas de vacunaci\u00f3n.<\/p><\/blockquote>\n<p>&nbsp;<\/p>\n<p>Fuente:<em> Agencia DIB<\/em><\/p>\n","protected":false},"excerpt":{"rendered":"<p>Lo anunci\u00f3 el gobernador Axel Kicillof para la primera dosis y se habilitar\u00e1 este martes. En tanto, desde el 10<\/p>\n","protected":false},"author":4,"featured_media":40083,"comment_status":"closed","ping_status":"closed","sticky":false,"template":"","format":"standard","meta":{"_jetpack_memberships_contains_paid_content":false,"footnotes":""},"categories":[16,1],"tags":[],"class_list":["post-40088","post","type-post","status-publish","format-standard","has-post-thumbnail","hentry","category-covid-19","category-portada"],"jetpack_featured_media_url":"https:\/\/i0.wp.com\/cdnoticias.com\/wp-content\/uploads\/2021\/11\/kicillof-kreplak-anuncio-0.jpg?fit=1360%2C768&ssl=1","jetpack_sharing_enabled":true,"_links":{"self":[{"href":"https:\/\/cdnoticias.com\/index.php\/wp-json\/wp\/v2\/posts\/40088","targetHints":{"allow":["GET"]}}],"collection":[{"href":"https:\/\/cdnoticias.com\/index.php\/wp-json\/wp\/v2\/posts"}],"about":[{"href":"https:\/\/cdnoticias.com\/index.php\/wp-json\/wp\/v2\/types\/post"}],"author":[{"embeddable":true,"href":"https:\/\/cdnoticias.com\/index.php\/wp-json\/wp\/v2\/users\/4"}],"replies":[{"embeddable":true,"href":"https:\/\/cdnoticias.com\/index.php\/wp-json\/wp\/v2\/comments?post=40088"}],"version-history":[{"count":0,"href":"https:\/\/cdnoticias.com\/index.php\/wp-json\/wp\/v2\/posts\/40088\/revisions"}],"wp:featuredmedia":[{"embeddable":true,"href":"https:\/\/cdnoticias.com\/index.php\/wp-json\/wp\/v2\/media\/40083"}],"wp:attachment":[{"href":"https:\/\/cdnoticias.com\/index.php\/wp-json\/wp\/v2\/media?parent=40088"}],"wp:term":[{"taxonomy":"category","embeddable":true,"href":"https:\/\/cdnoticias.com\/index.php\/wp-json\/wp\/v2\/categories?post=40088"},{"taxonomy":"post_tag","embeddable":true,"href":"https:\/\/cdnoticias.com\/index.php\/wp-json\/wp\/v2\/tags?post=40088"}],"curies":[{"name":"wp","href":"https:\/\/api.w.org\/{rel}","templated":true}]}}