{"id":40072,"date":"2021-11-29T11:15:28","date_gmt":"2021-11-29T14:15:28","guid":{"rendered":"http:\/\/www.centraldenoticias.com.ar\/?p=40072"},"modified":"2021-11-29T11:15:28","modified_gmt":"2021-11-29T14:15:28","slug":"colonia-nievas-se-renovo-la-directiva-de-la-sociedad-de-fomento","status":"publish","type":"post","link":"https:\/\/cdnoticias.com\/index.php\/2021\/11\/29\/colonia-nievas-se-renovo-la-directiva-de-la-sociedad-de-fomento\/","title":{"rendered":"Colonia Nievas: se renov\u00f3 la directiva de la Sociedad de Fomento"},"content":{"rendered":"<p>Osvaldo Bugliese fue reelecto como presidente por un a\u00f1o m\u00e1s y la nueva vicepresidenta es Gabriela Del\u00eda. La entidad aprob\u00f3 construir un SUM propio.<!--more--><\/p>\n<hr \/>\n<p><strong>La Sociedad de Fomento de Colonia Nievas llev\u00f3 adelante la asamblea de renovaci\u00f3n de autoridades<\/strong>: <em>Osvaldo Bugliese fue reelecto como presidente por un a\u00f1o m\u00e1s y la nueva vicepresidenta es Gabriela Del\u00eda<\/em>.<\/p>\n<p>&nbsp;<\/p>\n<p>Fue en la noche del viernes donde adem\u00e1s <strong>se trat\u00f3 la necesidad de construir un Sal\u00f3n de Usos M\u00faltiples (SUM): fue aprobado por la asamblea<\/strong>. Se adelant\u00f3 que se recibir\u00e1n dos proyectos tentativos para hacer esta obra.<\/p>\n<p>&nbsp;<\/p>\n<p>Luego se procedi\u00f3 a <strong>la elecci\u00f3n de autoridades<\/strong>. El mandato de la actual comisi\u00f3n hab\u00eda vencido el a\u00f1o pasado, pero debido a la situaci\u00f3n sanitaria por la pandemia no pudo realizarse la asamblea. De esta manera,<strong> se defini\u00f3 la reelecci\u00f3n de Bugliese, pero s\u00f3lo por un a\u00f1o m\u00e1s, hasta diciembre de 2022<\/strong>.<\/p>\n<p>&nbsp;<\/p>\n<p>Adem\u00e1s se modific\u00f3 el estatuto de la entidad: <strong>se redujo la cantidad de miembros de la comisi\u00f3n directiva<\/strong> que pas\u00f3 de 20 a 16.<\/p>\n<p>&nbsp;<\/p>\n<p><img data-recalc-dims=\"1\" loading=\"lazy\" decoding=\"async\" class=\"size-large wp-image-40073 aligncenter\" src=\"https:\/\/i0.wp.com\/cdnoticias.com\/wp-content\/uploads\/2021\/11\/sociedad-de-fomento-de-colonia-nievas-1.jpeg?resize=800%2C600&#038;ssl=1\" alt=\"\" width=\"800\" height=\"600\" srcset=\"https:\/\/i0.wp.com\/cdnoticias.com\/wp-content\/uploads\/2021\/11\/sociedad-de-fomento-de-colonia-nievas-1.jpeg?resize=1024%2C768&amp;ssl=1 1024w, https:\/\/i0.wp.com\/cdnoticias.com\/wp-content\/uploads\/2021\/11\/sociedad-de-fomento-de-colonia-nievas-1.jpeg?resize=300%2C225&amp;ssl=1 300w, https:\/\/i0.wp.com\/cdnoticias.com\/wp-content\/uploads\/2021\/11\/sociedad-de-fomento-de-colonia-nievas-1.jpeg?resize=768%2C576&amp;ssl=1 768w, https:\/\/i0.wp.com\/cdnoticias.com\/wp-content\/uploads\/2021\/11\/sociedad-de-fomento-de-colonia-nievas-1.jpeg?w=1600&amp;ssl=1 1600w\" sizes=\"auto, (max-width: 800px) 100vw, 800px\" \/><\/p>\n<p>&nbsp;<\/p>\n<p>Las <strong>nuevas autoridades<\/strong>, adem\u00e1s de Bugliese y Del\u00eda, son: <em>Secretaria Andrea Ciappina, Prosecretario Franco Illescas, Tesorera Cecilia Fittipaldi, Protesorera Lucrecia Sosa, Revisor de Cuentas titular Salvador Jacobo, Revisor de Cuentas suplente Omar Wagner<\/em>.<\/p>\n<p>&nbsp;<\/p>\n<p>Los <em>vocales titulares<\/em> son: primero Jos\u00e9\u00a0 Domingo Jacobo, segunda Ayel\u00e9n Sagarna, tercero Gustavo Stalldecker. <em>Vocales suplentes<\/em>: primero Carlos Di Antonino, segundo Marco Mu\u00f1oz, tercera Karina Reynoso.<\/p>\n<p>&nbsp;<\/p>\n<blockquote><p>Se destac\u00f3 desde la entidad la renovaci\u00f3n de los miembros. \u201cHubo vecinos que hac\u00eda mucho tiempo que estaban, casi desde el inicio. Hab\u00edan trabajado mucho y por distintas razones particulares o laborales decidieron dar un paso al costado y darle lugar a nuevos vecinos que ten\u00edan muchas ganas de integrar la Sociedad de Fomento\u201d cont\u00f3 Bugliese.<\/p><\/blockquote>\n<p>&nbsp;<\/p>\n<p><img data-recalc-dims=\"1\" loading=\"lazy\" decoding=\"async\" class=\"size-large wp-image-28370 aligncenter\" src=\"https:\/\/i0.wp.com\/cdnoticias.com\/wp-content\/uploads\/2021\/08\/colonia-nievas-02.jpg?resize=800%2C445&#038;ssl=1\" alt=\"\" width=\"800\" height=\"445\" srcset=\"https:\/\/i0.wp.com\/cdnoticias.com\/wp-content\/uploads\/2021\/08\/colonia-nievas-02.jpg?resize=1024%2C570&amp;ssl=1 1024w, https:\/\/i0.wp.com\/cdnoticias.com\/wp-content\/uploads\/2021\/08\/colonia-nievas-02.jpg?resize=300%2C167&amp;ssl=1 300w, https:\/\/i0.wp.com\/cdnoticias.com\/wp-content\/uploads\/2021\/08\/colonia-nievas-02.jpg?resize=768%2C427&amp;ssl=1 768w, https:\/\/i0.wp.com\/cdnoticias.com\/wp-content\/uploads\/2021\/08\/colonia-nievas-02.jpg?resize=800%2C445&amp;ssl=1 800w, https:\/\/i0.wp.com\/cdnoticias.com\/wp-content\/uploads\/2021\/08\/colonia-nievas-02.jpg?w=1280&amp;ssl=1 1280w\" sizes=\"auto, (max-width: 800px) 100vw, 800px\" \/><\/p>\n<p>&nbsp;<\/p>\n<p>A su vez, <strong>record\u00f3 a Venancio Lindner<\/strong>, un vecino de Colonia Nievas, descendiente de alemanes, quien fue miembro de la comisi\u00f3n como vocal desde su inicio y hasta su fallecimiento hace dos a\u00f1os. Se trataba de un vecino muy querido dentro de la comunidad y cuya figura se conmemor\u00f3 en la asamblea. A su vez <strong>se sum\u00f3 como nueva integrante de la comisi\u00f3n su nieta, Ayel\u00e9n Sagarna Lindner<\/strong>, quien tambi\u00e9n ser\u00e1 vocal.<\/p>\n<p>&nbsp;<\/p>\n<blockquote><p>\u201cQuiero agradecer a los integrantes de la Sociedad de Fomento que estaban en la comisi\u00f3n anterior y que le dejaron lugar a los vecinos nuevos por esa actitud. Todo lo que han hecho desde que iniciaron desde 2009 vamos a tratar de continuarlo, de seguir sus pasos avanzando como lo venimos haciendo y que Colonia Nievas, con el cuidado de todo de los vecinos, los visitantes, el Estado, podamos seguir teni\u00e9ndola como siempre linda y que sea disfrutable\u201d cerr\u00f3 Osvaldo Bugliese.<\/p><\/blockquote>\n","protected":false},"excerpt":{"rendered":"<p>Osvaldo Bugliese fue reelecto como presidente por un a\u00f1o m\u00e1s y la nueva vicepresidenta es Gabriela Del\u00eda. La entidad aprob\u00f3<\/p>\n","protected":false},"author":4,"featured_media":40074,"comment_status":"closed","ping_status":"closed","sticky":false,"template":"","format":"standard","meta":{"_jetpack_memberships_contains_paid_content":false,"footnotes":""},"categories":[5,1],"tags":[],"class_list":["post-40072","post","type-post","status-publish","format-standard","has-post-thumbnail","hentry","category-informacion-general","category-portada"],"jetpack_featured_media_url":"https:\/\/i0.wp.com\/cdnoticias.com\/wp-content\/uploads\/2021\/11\/sociedad-de-fomento-de-colonia-nievas-2.jpeg?fit=1197%2C752&ssl=1","jetpack_sharing_enabled":true,"_links":{"self":[{"href":"https:\/\/cdnoticias.com\/index.php\/wp-json\/wp\/v2\/posts\/40072","targetHints":{"allow":["GET"]}}],"collection":[{"href":"https:\/\/cdnoticias.com\/index.php\/wp-json\/wp\/v2\/posts"}],"about":[{"href":"https:\/\/cdnoticias.com\/index.php\/wp-json\/wp\/v2\/types\/post"}],"author":[{"embeddable":true,"href":"https:\/\/cdnoticias.com\/index.php\/wp-json\/wp\/v2\/users\/4"}],"replies":[{"embeddable":true,"href":"https:\/\/cdnoticias.com\/index.php\/wp-json\/wp\/v2\/comments?post=40072"}],"version-history":[{"count":0,"href":"https:\/\/cdnoticias.com\/index.php\/wp-json\/wp\/v2\/posts\/40072\/revisions"}],"wp:featuredmedia":[{"embeddable":true,"href":"https:\/\/cdnoticias.com\/index.php\/wp-json\/wp\/v2\/media\/40074"}],"wp:attachment":[{"href":"https:\/\/cdnoticias.com\/index.php\/wp-json\/wp\/v2\/media?parent=40072"}],"wp:term":[{"taxonomy":"category","embeddable":true,"href":"https:\/\/cdnoticias.com\/index.php\/wp-json\/wp\/v2\/categories?post=40072"},{"taxonomy":"post_tag","embeddable":true,"href":"https:\/\/cdnoticias.com\/index.php\/wp-json\/wp\/v2\/tags?post=40072"}],"curies":[{"name":"wp","href":"https:\/\/api.w.org\/{rel}","templated":true}]}}