{"id":40067,"date":"2021-11-29T10:40:02","date_gmt":"2021-11-29T13:40:02","guid":{"rendered":"http:\/\/www.centraldenoticias.com.ar\/?p=40067"},"modified":"2021-11-29T10:49:38","modified_gmt":"2021-11-29T13:49:38","slug":"la-provincia-ya-envia-turnos-para-dosis-de-refuerzo-a-mayores-de-70-anos","status":"publish","type":"post","link":"https:\/\/cdnoticias.com\/index.php\/2021\/11\/29\/la-provincia-ya-envia-turnos-para-dosis-de-refuerzo-a-mayores-de-70-anos\/","title":{"rendered":"La Provincia ya env\u00eda turnos para dosis de refuerzo a mayores de 70 a\u00f1os"},"content":{"rendered":"<p>El Gobierno de Axel Kicillof comenzar\u00e1 a vacunar la semana pr\u00f3xima a los adultos mayores y ya inici\u00f3 con el personal de salud.<!--more--><\/p>\n<hr \/>\n<p><strong>El Gobierno provincial comenz\u00f3 en las \u00faltimas horas a enviar nuevos turnos para dosis de refuerzo a las personas mayores de 70 que completaron el esquema hace m\u00e1s de cinco meses<\/strong>, como una respuesta al crecimiento de los casos y al temor por la aparici\u00f3n de nuevas variantes en el mundo.<\/p>\n<p>&nbsp;<\/p>\n<p>Cabe recordar que hace tres semanas, en el marco de una reuni\u00f3n entre <strong>funcionarios del Ministerio de Salud de la Naci\u00f3n y miembros de la Comisi\u00f3n Nacional de Inmunizaciones (CoNaIn) se resolvi\u00f3 la estrategia de iniciar la vacunaci\u00f3n con dosis de refuerzo<\/strong> en el personal de salud y en personas de 70 a\u00f1os y mayores que hayan recibido la segunda dosis hace m\u00e1s de seis meses.<\/p>\n<p>&nbsp;<\/p>\n<blockquote class=\"twitter-tweet\">\n<p dir=\"ltr\" lang=\"es\">\u2728ATENCI\u00d3N TURNOS\u2728<\/p>\n<p>Se est\u00e1n enviando 99.996 turnos para dosis de refuerzo.<\/p>\n<p>\u00a1Revis\u00e1 tu mail, la p\u00e1gina o la aplicaci\u00f3n!<br \/>\n<a href=\"https:\/\/twitter.com\/hashtag\/BuenosAiresVacunate?src=hash&amp;ref_src=twsrc%5Etfw\">#BuenosAiresVacunate<\/a> \u2764\ufe0f\ud83d\udc89\u2764\ufe0f <a href=\"https:\/\/t.co\/Le491KjK84\">pic.twitter.com\/Le491KjK84<\/a><\/p>\n<p>\u2014 Gobierno PBA (@BAProvincia) <a href=\"https:\/\/twitter.com\/BAProvincia\/status\/1465279706002038786?ref_src=twsrc%5Etfw\">November 29, 2021<\/a><\/p><\/blockquote>\n<p><script async src=\"https:\/\/platform.twitter.com\/widgets.js\" charset=\"utf-8\"><\/script><\/p>\n<p>&nbsp;<\/p>\n<p>En un principio, las autoridades sanitarias se\u00f1alaban que <strong>la inmunizaci\u00f3n con dosis de refuerzo iniciar\u00eda en diciembre para el personal de la salud<\/strong> e ir\u00eda complet\u00e1ndose de forma paulatina para todas las poblaciones hasta llegar al oto\u00f1o. No obstante, esa estrategia se adelant\u00f3 ante la preocupaci\u00f3n que genera el nuevo escenario mundial de suba de casos<\/p>\n<p>&nbsp;<\/p>\n<p>La administraci\u00f3n de una dosis de vacuna adicional, en estos casos, se debe a que <strong>es probable que la respuesta inmunol\u00f3gica disminuya con el tiempo<\/strong>.<\/p>\n<p>&nbsp;<\/p>\n<p>Asimismo, <strong>el gobernador Axel Kicillof<\/strong> visitar\u00e1 este lunes el Hospital Interzonal \u201cSan Juan de Dios\u201d de La Plata, y <strong>realizar\u00e1 anuncios vinculados al plan de vacunaci\u00f3n<\/strong>. En las \u00faltimas horas, la Provincia envi\u00f3 99.996 turnos para dosis de refuerzo.<\/p>\n<p>&nbsp;<\/p>\n<p>El Ministerio de Salud de la provincia precis\u00f3 este domingo que <strong>m\u00e1s de 11 millones y medio de bonaerenses ya recibieron dos dosis de la vacuna contra la Covid-19<\/strong>, de los cuales el 94% corresponde a personas mayores de 60 a\u00f1os.<\/p>\n<p>&nbsp;<\/p>\n<p><strong>En total 11.526.718 personas cuentan con el esquema completo de vacunaci\u00f3n<\/strong> y 11.148.423 con el esquema inicial. <a href=\"https:\/\/cdnoticias.com\/index.php\/2021\/11\/29\/campana-de-vacunacion-este-domingo-se-aplicaron-mas-de-400-dosis\/\" target=\"_blank\" rel=\"noopener\">En Olavarr\u00eda son 105.476 las personas vacunadas con al menos una dosis.<\/a><\/p>\n<p>&nbsp;<\/p>\n<p><img data-recalc-dims=\"1\" loading=\"lazy\" decoding=\"async\" class=\"size-large wp-image-40069 aligncenter\" src=\"https:\/\/i0.wp.com\/cdnoticias.com\/wp-content\/uploads\/2021\/11\/vacunacion-provincia-1.jpeg?resize=800%2C399&#038;ssl=1\" alt=\"\" width=\"800\" height=\"399\" srcset=\"https:\/\/i0.wp.com\/cdnoticias.com\/wp-content\/uploads\/2021\/11\/vacunacion-provincia-1.jpeg?resize=1024%2C511&amp;ssl=1 1024w, https:\/\/i0.wp.com\/cdnoticias.com\/wp-content\/uploads\/2021\/11\/vacunacion-provincia-1.jpeg?resize=300%2C150&amp;ssl=1 300w, https:\/\/i0.wp.com\/cdnoticias.com\/wp-content\/uploads\/2021\/11\/vacunacion-provincia-1.jpeg?resize=768%2C383&amp;ssl=1 768w, https:\/\/i0.wp.com\/cdnoticias.com\/wp-content\/uploads\/2021\/11\/vacunacion-provincia-1.jpeg?w=1280&amp;ssl=1 1280w\" sizes=\"auto, (max-width: 800px) 100vw, 800px\" \/><\/p>\n<p>&nbsp;<\/p>\n<p>Asimismo, se destac\u00f3 que el 93% del<strong> personal docente y no docente<\/strong> recibi\u00f3 las dos dosis y el 82% del personal vinculado a la seguridad.<\/p>\n<p>&nbsp;<\/p>\n<p>Entre las <strong>personas de 18 a 59 a\u00f1os<\/strong> el 79% se encuentra inmunizado con las dos dosis, lo que representa un total de 6.282.656.<\/p>\n<p>&nbsp;<\/p>\n<p>En el segmento<strong> de 12 a 17 a\u00f1os con comorbilidades<\/strong>, el 76% complet\u00f3 el esquema de inmunizaci\u00f3n (193.502), y en la misma franja etaria, pero sin enfermedades de riesgo, lleg\u00f3 al 54 (608.322).<\/p>\n<p>&nbsp;<\/p>\n<p>En tanto, 574.131 (34%) los <strong>ni\u00f1os y ni\u00f1as de 3 a 11 a\u00f1os<\/strong> recibieron las dos vacunas y s\u00f3lo la primera 792.462, lo que representa el 80% de los inscriptos.<\/p>\n<p>&nbsp;<\/p>\n<p>Fuente: <em>Agencia DIB<\/em><\/p>\n","protected":false},"excerpt":{"rendered":"<p>El Gobierno de Axel Kicillof comenzar\u00e1 a vacunar la semana pr\u00f3xima a los adultos mayores y ya inici\u00f3 con el<\/p>\n","protected":false},"author":4,"featured_media":33776,"comment_status":"closed","ping_status":"closed","sticky":false,"template":"","format":"standard","meta":{"_jetpack_memberships_contains_paid_content":false,"footnotes":""},"categories":[6,1],"tags":[],"class_list":["post-40067","post","type-post","status-publish","format-standard","has-post-thumbnail","hentry","category-nacionales","category-portada"],"jetpack_featured_media_url":"https:\/\/i0.wp.com\/cdnoticias.com\/wp-content\/uploads\/2021\/09\/vacunacion-covid-03.jpg?fit=1280%2C712&ssl=1","jetpack_sharing_enabled":true,"_links":{"self":[{"href":"https:\/\/cdnoticias.com\/index.php\/wp-json\/wp\/v2\/posts\/40067","targetHints":{"allow":["GET"]}}],"collection":[{"href":"https:\/\/cdnoticias.com\/index.php\/wp-json\/wp\/v2\/posts"}],"about":[{"href":"https:\/\/cdnoticias.com\/index.php\/wp-json\/wp\/v2\/types\/post"}],"author":[{"embeddable":true,"href":"https:\/\/cdnoticias.com\/index.php\/wp-json\/wp\/v2\/users\/4"}],"replies":[{"embeddable":true,"href":"https:\/\/cdnoticias.com\/index.php\/wp-json\/wp\/v2\/comments?post=40067"}],"version-history":[{"count":0,"href":"https:\/\/cdnoticias.com\/index.php\/wp-json\/wp\/v2\/posts\/40067\/revisions"}],"wp:featuredmedia":[{"embeddable":true,"href":"https:\/\/cdnoticias.com\/index.php\/wp-json\/wp\/v2\/media\/33776"}],"wp:attachment":[{"href":"https:\/\/cdnoticias.com\/index.php\/wp-json\/wp\/v2\/media?parent=40067"}],"wp:term":[{"taxonomy":"category","embeddable":true,"href":"https:\/\/cdnoticias.com\/index.php\/wp-json\/wp\/v2\/categories?post=40067"},{"taxonomy":"post_tag","embeddable":true,"href":"https:\/\/cdnoticias.com\/index.php\/wp-json\/wp\/v2\/tags?post=40067"}],"curies":[{"name":"wp","href":"https:\/\/api.w.org\/{rel}","templated":true}]}}