{"id":40063,"date":"2021-11-29T08:58:39","date_gmt":"2021-11-29T11:58:39","guid":{"rendered":"http:\/\/www.centraldenoticias.com.ar\/?p=40063"},"modified":"2021-11-29T08:58:39","modified_gmt":"2021-11-29T11:58:39","slug":"ruta-3-en-un-violento-vuelco-murio-una-mujer","status":"publish","type":"post","link":"https:\/\/cdnoticias.com\/index.php\/2021\/11\/29\/ruta-3-en-un-violento-vuelco-murio-una-mujer\/","title":{"rendered":"Ruta 3: En un violento vuelco, muri\u00f3 una mujer"},"content":{"rendered":"<p>Fue este domingo, entre las localidades de Azul y Cachar\u00ed. La mujer iba de acompa\u00f1ante de un hombre que fue trasladado por lesiones.<!--more--><\/p>\n<hr \/>\n<p>Una <strong>mujer de 64 a\u00f1os de edad falleci\u00f3 este domingo en un violento vuelco en el kil\u00f3metro 256 de la ruta 3, entre las localidades de Azul y Cachar\u00ed<\/strong>. Por el hecho, tambi\u00e9n se encuentra internado en terapia intensiva un hombre de 76 a\u00f1os.<\/p>\n<p>&nbsp;<\/p>\n<p>El hecho se produjo este domingo cerca de las 8 de ma\u00f1ana. <strong>En medio de condiciones clim\u00e1ticas adversas a causa de la lluvia, un Honda Civic se despist\u00f3 y volc\u00f3. Como consecuencia falleci\u00f3 una mujer que ocupaba el lugar de acompa\u00f1ante en el veh\u00edculo.<\/strong><\/p>\n<p>&nbsp;<\/p>\n<p>Seg\u00fan detall\u00f3 Diario El Tiempo, tomaron intervenci\u00f3n por el hecho la subcomisar\u00eda de Cachar\u00ed, personal m\u00e9dico y de Bomberos Voluntarios. Asimismo, fueron convocados agentes de la Polic\u00eda Cient\u00edfica para realizar las primeras pericias.<\/p>\n<p>&nbsp;<\/p>\n<blockquote><p>El autom\u00f3vil qued\u00f3 volcado sobre una de las banquinas, a varios metros de la ruta, y los bomberos tuvieron que realizar arduas tareas.<\/p><\/blockquote>\n<p>&nbsp;<\/p>\n<p>En el veh\u00edculo viajaban una mujer de 64 a\u00f1os (identificada como Rafaela Simari), que iba en el lugar de acompa\u00f1ante, y un hombre de 76 (Juan Enea), quien manejaba el veh\u00edculo.<\/p>\n<p>&nbsp;<\/p>\n<p><strong>La acompa\u00f1ante falleci\u00f3 a causa de las lesiones por el accidente.<\/strong> El conductor (que en principio no presentaba lesiones de consideraci\u00f3n) fue primero trasladado al Hospital Municipal de Cachar\u00ed y luego al Pintos de Azul, donde permanec\u00eda en terapia intensiva.<\/p>\n","protected":false},"excerpt":{"rendered":"<p>Fue este domingo, entre las localidades de Azul y Cachar\u00ed. La mujer iba de acompa\u00f1ante de un hombre que fue<\/p>\n","protected":false},"author":2,"featured_media":40064,"comment_status":"closed","ping_status":"closed","sticky":false,"template":"","format":"standard","meta":{"_jetpack_memberships_contains_paid_content":false,"footnotes":""},"categories":[14,1],"tags":[],"class_list":["post-40063","post","type-post","status-publish","format-standard","has-post-thumbnail","hentry","category-policiales","category-portada"],"jetpack_featured_media_url":"https:\/\/i0.wp.com\/cdnoticias.com\/wp-content\/uploads\/2021\/11\/1638120523.jpeg?fit=948%2C533&ssl=1","jetpack_sharing_enabled":true,"_links":{"self":[{"href":"https:\/\/cdnoticias.com\/index.php\/wp-json\/wp\/v2\/posts\/40063","targetHints":{"allow":["GET"]}}],"collection":[{"href":"https:\/\/cdnoticias.com\/index.php\/wp-json\/wp\/v2\/posts"}],"about":[{"href":"https:\/\/cdnoticias.com\/index.php\/wp-json\/wp\/v2\/types\/post"}],"author":[{"embeddable":true,"href":"https:\/\/cdnoticias.com\/index.php\/wp-json\/wp\/v2\/users\/2"}],"replies":[{"embeddable":true,"href":"https:\/\/cdnoticias.com\/index.php\/wp-json\/wp\/v2\/comments?post=40063"}],"version-history":[{"count":0,"href":"https:\/\/cdnoticias.com\/index.php\/wp-json\/wp\/v2\/posts\/40063\/revisions"}],"wp:featuredmedia":[{"embeddable":true,"href":"https:\/\/cdnoticias.com\/index.php\/wp-json\/wp\/v2\/media\/40064"}],"wp:attachment":[{"href":"https:\/\/cdnoticias.com\/index.php\/wp-json\/wp\/v2\/media?parent=40063"}],"wp:term":[{"taxonomy":"category","embeddable":true,"href":"https:\/\/cdnoticias.com\/index.php\/wp-json\/wp\/v2\/categories?post=40063"},{"taxonomy":"post_tag","embeddable":true,"href":"https:\/\/cdnoticias.com\/index.php\/wp-json\/wp\/v2\/tags?post=40063"}],"curies":[{"name":"wp","href":"https:\/\/api.w.org\/{rel}","templated":true}]}}