{"id":40062,"date":"2021-11-29T09:05:53","date_gmt":"2021-11-29T12:05:53","guid":{"rendered":"http:\/\/www.centraldenoticias.com.ar\/?p=40062"},"modified":"2021-11-29T11:37:28","modified_gmt":"2021-11-29T14:37:28","slug":"pablo-lopez-presenta-el-presupuesto-bonaerense-2022-en-la-legislatura","status":"publish","type":"post","link":"https:\/\/cdnoticias.com\/index.php\/2021\/11\/29\/pablo-lopez-presenta-el-presupuesto-bonaerense-2022-en-la-legislatura\/","title":{"rendered":"Pablo L\u00f3pez presenta el Presupuesto bonaerense 2022 en la Legislatura"},"content":{"rendered":"<p>El ministro de Hacienda y Finanzas expondr\u00e1 desde las 15 en un anexo de la C\u00e1mara de Diputados. La ley de leyes proyectar\u00eda unos $ 3 billones.<!--more--><\/p>\n<hr \/>\n<p><strong>El ministro de Hacienda y Finanzas, Pablo L\u00f3pez, presentar\u00e1 este lunes a las 15 el proyecto de Presupuesto bonaerense 2022<\/strong> ante legisladores y legisladoras en el anexo de la C\u00e1mara de Diputados provincial de calle 53 de La Plata.<\/p>\n<p>&nbsp;<\/p>\n<p>El Presupuesto ingresar\u00e1 a la legislatura este lunes. Seg\u00fan viene trascendiendo, <strong>con lineamientos de un 4,5% de crecimiento anual y de un 35% de inflaci\u00f3n, la ley de leyes proyectar\u00eda unos $ 3 billones de pesos<\/strong>.<\/p>\n<p>&nbsp;<\/p>\n<p><img data-recalc-dims=\"1\" loading=\"lazy\" decoding=\"async\" class=\"size-full wp-image-25510 aligncenter\" src=\"https:\/\/i0.wp.com\/cdnoticias.com\/wp-content\/uploads\/2021\/07\/ministro-pablo-lopez.jpg?resize=800%2C445&#038;ssl=1\" alt=\"\" width=\"800\" height=\"445\" srcset=\"https:\/\/i0.wp.com\/cdnoticias.com\/wp-content\/uploads\/2021\/07\/ministro-pablo-lopez.jpg?w=800&amp;ssl=1 800w, https:\/\/i0.wp.com\/cdnoticias.com\/wp-content\/uploads\/2021\/07\/ministro-pablo-lopez.jpg?resize=300%2C167&amp;ssl=1 300w, https:\/\/i0.wp.com\/cdnoticias.com\/wp-content\/uploads\/2021\/07\/ministro-pablo-lopez.jpg?resize=768%2C427&amp;ssl=1 768w\" sizes=\"auto, (max-width: 800px) 100vw, 800px\" \/><\/p>\n<p>&nbsp;<\/p>\n<p>En tanto, tal como adelant\u00f3 DIB, incluir\u00e1 <strong>subas promedio de los impuestos patrimoniales<\/strong> apenas por arriba del 40% (pero por debajo del 50% <a href=\"https:\/\/cdnoticias.com\/index.php\/2021\/11\/26\/kicillof-proyecta-subir-los-impuestos-un-52-con-mas-carga-sobre-quienes-mas-tienen\/\" target=\"_blank\" rel=\"noopener\">como hab\u00eda trascendido<\/a>) para el 90% de las partidas.<\/p>\n<p>&nbsp;<\/p>\n<p>Tambi\u00e9n habr\u00e1 partidas para el <strong>Fondo de Infraestructura Municipal (FIM)<\/strong> y estar\u00eda contemplado el <strong>pedido de los intendentes de condonar las deudas que tomaron con Provincia para atender a la pandemia de coronavirus<\/strong>. Asimismo, <em>entrar\u00eda el Programa de Emergencia de Infraestructura Municipal de la Provincia de Buenos Aires (Preimba)<\/em>.<\/p>\n<p>&nbsp;<\/p>\n<blockquote><p>La semana pasada, el gobernador Axel Kicillof se reuni\u00f3 con intendentes peronistas en La Plata y les dijo que contaba con su apoyo para aplicar el paquete de medidas para relanzar su gesti\u00f3n que fue bautizado como<a href=\"https:\/\/cdnoticias.com\/index.php\/2021\/11\/22\/kicillof-y-un-relanzamiento-de-cara-a-los-dos-anos-de-mandato-que-le-quedan\/\" target=\"_blank\" rel=\"noopener\"> \u201cplan quinquenal\u201d<\/a>.<\/p><\/blockquote>\n<p>&nbsp;<\/p>\n<p><img data-recalc-dims=\"1\" loading=\"lazy\" decoding=\"async\" class=\"size-full wp-image-33494 aligncenter\" src=\"https:\/\/i0.wp.com\/cdnoticias.com\/wp-content\/uploads\/2021\/09\/conferencia-kicillof-01.jpg?resize=687%2C382&#038;ssl=1\" alt=\"\" width=\"687\" height=\"382\" srcset=\"https:\/\/i0.wp.com\/cdnoticias.com\/wp-content\/uploads\/2021\/09\/conferencia-kicillof-01.jpg?w=687&amp;ssl=1 687w, https:\/\/i0.wp.com\/cdnoticias.com\/wp-content\/uploads\/2021\/09\/conferencia-kicillof-01.jpg?resize=300%2C167&amp;ssl=1 300w\" sizes=\"auto, (max-width: 687px) 100vw, 687px\" \/><\/p>\n<p>&nbsp;<\/p>\n<p>En este marco, adelant\u00f3 que <strong>apuntar\u00e1 a una recuperaci\u00f3n econ\u00f3mica<\/strong> \u201cque supere los niveles de 2019\u201d y que sea distribuida con equidad.<\/p>\n<p>&nbsp;<\/p>\n<p>Tambi\u00e9n, en los \u00faltimos d\u00edas, <strong>el jefe comunal de Trenque Lauquen y presidente del Foro de intendentes radicales, Miguel Fern\u00e1ndez<\/strong>, destac\u00f3 el di\u00e1logo con el Gobierno bonaerense \u201cpara analizar la presentaci\u00f3n del Presupuesto 2022\u201d.<\/p>\n<p>&nbsp;<\/p>\n<blockquote><p>Fern\u00e1ndez junto a su par y correligionario de Rauch, Maximiliano Suescun, se reuni\u00f3 en con el vicejefe de Gabinete provincial, Juan Pablo de Jes\u00fas. El intendente habl\u00f3 de \u201cun muy buen di\u00e1logo para analizar la presentaci\u00f3n del Presupuesto 2022, la deuda que la Provincia tiene con las comunas por prestaciones de IOMA, los anticipos jubilatorios del IPS y la agenda de trabajo para 2022\u201d.<\/p><\/blockquote>\n<p>&nbsp;<\/p>\n<p>La presentaci\u00f3n del Presupuesto por parte de L\u00f3pez tendr\u00e1 lugar en el Anexo de la C\u00e1mara de Diputados 53 entre 8 y 9 y <strong>podr\u00e1 seguirse online<\/strong>.<\/p>\n<p>&nbsp;<\/p>\n<p>Fuente: <em>Agencia DIB<\/em><\/p>\n","protected":false},"excerpt":{"rendered":"<p>El ministro de Hacienda y Finanzas expondr\u00e1 desde las 15 en un anexo de la C\u00e1mara de Diputados. La ley<\/p>\n","protected":false},"author":4,"featured_media":17229,"comment_status":"closed","ping_status":"closed","sticky":false,"template":"","format":"standard","meta":{"_jetpack_memberships_contains_paid_content":false,"footnotes":""},"categories":[6,1],"tags":[],"class_list":["post-40062","post","type-post","status-publish","format-standard","has-post-thumbnail","hentry","category-nacionales","category-portada"],"jetpack_featured_media_url":"https:\/\/i0.wp.com\/cdnoticias.com\/wp-content\/uploads\/2021\/03\/tarifas-deuda-lopez.jpg?fit=800%2C445&ssl=1","jetpack_sharing_enabled":true,"_links":{"self":[{"href":"https:\/\/cdnoticias.com\/index.php\/wp-json\/wp\/v2\/posts\/40062","targetHints":{"allow":["GET"]}}],"collection":[{"href":"https:\/\/cdnoticias.com\/index.php\/wp-json\/wp\/v2\/posts"}],"about":[{"href":"https:\/\/cdnoticias.com\/index.php\/wp-json\/wp\/v2\/types\/post"}],"author":[{"embeddable":true,"href":"https:\/\/cdnoticias.com\/index.php\/wp-json\/wp\/v2\/users\/4"}],"replies":[{"embeddable":true,"href":"https:\/\/cdnoticias.com\/index.php\/wp-json\/wp\/v2\/comments?post=40062"}],"version-history":[{"count":0,"href":"https:\/\/cdnoticias.com\/index.php\/wp-json\/wp\/v2\/posts\/40062\/revisions"}],"wp:featuredmedia":[{"embeddable":true,"href":"https:\/\/cdnoticias.com\/index.php\/wp-json\/wp\/v2\/media\/17229"}],"wp:attachment":[{"href":"https:\/\/cdnoticias.com\/index.php\/wp-json\/wp\/v2\/media?parent=40062"}],"wp:term":[{"taxonomy":"category","embeddable":true,"href":"https:\/\/cdnoticias.com\/index.php\/wp-json\/wp\/v2\/categories?post=40062"},{"taxonomy":"post_tag","embeddable":true,"href":"https:\/\/cdnoticias.com\/index.php\/wp-json\/wp\/v2\/tags?post=40062"}],"curies":[{"name":"wp","href":"https:\/\/api.w.org\/{rel}","templated":true}]}}