{"id":39990,"date":"2021-11-28T11:49:18","date_gmt":"2021-11-28T14:49:18","guid":{"rendered":"http:\/\/www.centraldenoticias.com.ar\/?p=39990"},"modified":"2021-11-28T11:49:18","modified_gmt":"2021-11-28T14:49:18","slug":"roberto-esteban-shedden-q-e-p-d","status":"publish","type":"post","link":"https:\/\/cdnoticias.com\/index.php\/2021\/11\/28\/roberto-esteban-shedden-q-e-p-d\/","title":{"rendered":"Roberto Esteban Shedden (Q.E.P.D.)"},"content":{"rendered":"<p>Falleci\u00f3 en Olavarr\u00eda el 28 de noviembre a los 63 a\u00f1os. Su esposa Graciela Trinchin; sus hijos Pablo, Daniela, Mauro, Franco y Gino; sus nueras Josefina Godoy, Jimena Castro; su yerno Alejandro Arias; sus nietos Brisa Luzmia Micaela Milena Sof\u00eda y Dante; sus hermanas Patricia y Paola; sus cu\u00f1ados Jos\u00e9 Trinchin, Marcelo Trinchin y Alberto Mart\u00ednez; sus sobrinos y dem\u00e1s deudos participan su fallecimiento.<\/p>\n<p>&nbsp;<\/p>\n<p>Sus restos ser\u00e1n velados en Sala &#8220;D&#8221; de Espa\u00f1a 2942 (comienza 7:30) y ser\u00e1n inhumados este lunes 29 de noviembre a las 11:30 en el cementerio Loma de Paz, previo responso en la capilla ardiente. Vecino de barrio Sarmiento Norte. Nacido en Puerto Belgrano. Licenciado en Enfermer\u00eda.<\/p>\n","protected":false},"excerpt":{"rendered":"<p>Falleci\u00f3 en Olavarr\u00eda el 28 de noviembre a los 63 a\u00f1os. Su esposa Graciela Trinchin; sus hijos Pablo, Daniela, Mauro,<\/p>\n","protected":false},"author":5,"featured_media":0,"comment_status":"closed","ping_status":"closed","sticky":false,"template":"","format":"standard","meta":{"_jetpack_memberships_contains_paid_content":false,"footnotes":""},"categories":[10],"tags":[],"class_list":["post-39990","post","type-post","status-publish","format-standard","hentry","category-necrologicas"],"jetpack_featured_media_url":"","jetpack_sharing_enabled":true,"_links":{"self":[{"href":"https:\/\/cdnoticias.com\/index.php\/wp-json\/wp\/v2\/posts\/39990","targetHints":{"allow":["GET"]}}],"collection":[{"href":"https:\/\/cdnoticias.com\/index.php\/wp-json\/wp\/v2\/posts"}],"about":[{"href":"https:\/\/cdnoticias.com\/index.php\/wp-json\/wp\/v2\/types\/post"}],"author":[{"embeddable":true,"href":"https:\/\/cdnoticias.com\/index.php\/wp-json\/wp\/v2\/users\/5"}],"replies":[{"embeddable":true,"href":"https:\/\/cdnoticias.com\/index.php\/wp-json\/wp\/v2\/comments?post=39990"}],"version-history":[{"count":0,"href":"https:\/\/cdnoticias.com\/index.php\/wp-json\/wp\/v2\/posts\/39990\/revisions"}],"wp:attachment":[{"href":"https:\/\/cdnoticias.com\/index.php\/wp-json\/wp\/v2\/media?parent=39990"}],"wp:term":[{"taxonomy":"category","embeddable":true,"href":"https:\/\/cdnoticias.com\/index.php\/wp-json\/wp\/v2\/categories?post=39990"},{"taxonomy":"post_tag","embeddable":true,"href":"https:\/\/cdnoticias.com\/index.php\/wp-json\/wp\/v2\/tags?post=39990"}],"curies":[{"name":"wp","href":"https:\/\/api.w.org\/{rel}","templated":true}]}}