{"id":39969,"date":"2023-08-10T21:26:30","date_gmt":"2023-08-11T00:26:30","guid":{"rendered":"http:\/\/centraldeportes.com.ar\/?p=39969"},"modified":"2025-02-11T20:56:33","modified_gmt":"2025-02-11T23:56:33","slug":"una-chance-de-seleccion-macias-confirmado-en-el-staff-de-cuba","status":"publish","type":"post","link":"https:\/\/cdnoticias.com\/index.php\/2023\/08\/10\/una-chance-de-seleccion-macias-confirmado-en-el-staff-de-cuba\/","title":{"rendered":"Una chance de selecci\u00f3n: Mac\u00edas, confirmado en el staff de Cuba"},"content":{"rendered":"<p>En las \u00faltimas horas se conoci\u00f3 que el olavarriense Marcelo Mac\u00edas fue confirmado como parte del Seleccionado Nacional de Cuba en el Pre-Clasificatorio Ol\u00edmpico de Argentina.<!--more--><\/p>\n<hr \/>\n<p>\u201cCharly\u201d Mac\u00edas volver\u00e1 a la selecci\u00f3n de Cuba, y al igual que en el 2011, integrar\u00e1 el staff de entrenadores que dirigir\u00e1n al equipo en b\u00fasqueda de la clasificaci\u00f3n al Pre-Ol\u00edmpico.<\/p>\n<p>&nbsp;<\/p>\n<p>El pr\u00f3ximo lunes, en Santiago del Estero, dar\u00e1 inicio el preclasificatorio a los Pre-Ol\u00edmpicos y Cuba ser\u00e1 animador del Grupo que tambi\u00e9n integra la Selecci\u00f3n Argentina dirigida por Pablo Prigioni.<\/p>\n<p>&nbsp;<\/p>\n<p>Cuba, dirigido por Eduardo Moya ya tiene su plantel confirmado con 12 jugadores con varias bajas en la n\u00f3mina y en la previa de llegar al Preclasificatorio Ol\u00edmpico de las Am\u00e9ricas sum\u00f3 al ex entrenador de Estudiantes.<\/p>\n<p>&nbsp;<\/p>\n<p>En cuanto al torneo que se jugar\u00e1 en la capital santiague\u00f1a, clasificar\u00e1n los dos primeros de cada grupo a Semifinales y s\u00f3lo el ganador del certamen conseguir\u00e1 un pasaje a uno de los cuatro Clasificatorios Ol\u00edmpicos FIBA a disputarse del 2 al 7 de julio de 2024.<\/p>\n<p>&nbsp;<\/p>\n<p>La selecci\u00f3n del Caribe jugar\u00e1 frente a Argentina el jueves 17 de agosto desde las 22:10 hs en el Estadio Vicente Rosales.<\/p>\n","protected":false},"excerpt":{"rendered":"<p>En las \u00faltimas horas se conoci\u00f3 que el olavarriense Marcelo Mac\u00edas fue confirmado como parte del Seleccionado Nacional de Cuba<\/p>\n","protected":false},"author":96739694,"featured_media":156802,"comment_status":"closed","ping_status":"closed","sticky":false,"template":"","format":"standard","meta":{"_jetpack_memberships_contains_paid_content":false,"footnotes":""},"categories":[31,1],"tags":[],"class_list":["post-39969","post","type-post","status-publish","format-standard","has-post-thumbnail","hentry","category-basquet","category-portada"],"jetpack_featured_media_url":"https:\/\/i0.wp.com\/cdnoticias.com\/wp-content\/uploads\/2023\/08\/espanoldeosorno_366438177_226328596610246_8877246679881788099_n-e1691709556484.jpg?fit=1080%2C695&ssl=1","jetpack_sharing_enabled":true,"_links":{"self":[{"href":"https:\/\/cdnoticias.com\/index.php\/wp-json\/wp\/v2\/posts\/39969","targetHints":{"allow":["GET"]}}],"collection":[{"href":"https:\/\/cdnoticias.com\/index.php\/wp-json\/wp\/v2\/posts"}],"about":[{"href":"https:\/\/cdnoticias.com\/index.php\/wp-json\/wp\/v2\/types\/post"}],"author":[{"embeddable":true,"href":"https:\/\/cdnoticias.com\/index.php\/wp-json\/wp\/v2\/users\/96739694"}],"replies":[{"embeddable":true,"href":"https:\/\/cdnoticias.com\/index.php\/wp-json\/wp\/v2\/comments?post=39969"}],"version-history":[{"count":0,"href":"https:\/\/cdnoticias.com\/index.php\/wp-json\/wp\/v2\/posts\/39969\/revisions"}],"wp:featuredmedia":[{"embeddable":true,"href":"https:\/\/cdnoticias.com\/index.php\/wp-json\/wp\/v2\/media\/156802"}],"wp:attachment":[{"href":"https:\/\/cdnoticias.com\/index.php\/wp-json\/wp\/v2\/media?parent=39969"}],"wp:term":[{"taxonomy":"category","embeddable":true,"href":"https:\/\/cdnoticias.com\/index.php\/wp-json\/wp\/v2\/categories?post=39969"},{"taxonomy":"post_tag","embeddable":true,"href":"https:\/\/cdnoticias.com\/index.php\/wp-json\/wp\/v2\/tags?post=39969"}],"curies":[{"name":"wp","href":"https:\/\/api.w.org\/{rel}","templated":true}]}}