{"id":39959,"date":"2021-11-27T18:38:00","date_gmt":"2021-11-27T21:38:00","guid":{"rendered":"http:\/\/www.centraldenoticias.com.ar\/?p=39959"},"modified":"2021-11-27T18:38:00","modified_gmt":"2021-11-27T21:38:00","slug":"juana-arabito-perfetto-viuda-de-antista-q-e-p-d","status":"publish","type":"post","link":"https:\/\/cdnoticias.com\/index.php\/2021\/11\/27\/juana-arabito-perfetto-viuda-de-antista-q-e-p-d\/","title":{"rendered":"Juana Arabito Perfetto viuda de Antista (Q.E.P.D.)"},"content":{"rendered":"<p>Falleci\u00f3 en Olavarr\u00eda el 27 de noviembre de 2021 a los 96 a\u00f1os. Sus hijos Rogelio Omar y Mar\u00eda Cristina Antista; sus nietos Sebasti\u00e1n, Mar\u00eda Eugenia, y Laura Groba; Juan Pablo, Juan Esteban, Mario, Rogelio, Shelen, Naa, Shinka, Anael y Nicol\u00e1s Antista; sus bisnietos y dem\u00e1s deudos participan su fallecimiento.<\/p>\n<p>&nbsp;<\/p>\n<p>Sus restos ser\u00e1n velados en la Sala de Espa\u00f1a 2942 departamento \u201cD\u201d este domingo desde las 08:00 y hasta las 12:00 horas e inhumados en el Crematorio Pinos de Paz, en d\u00eda y horario a confirmar. Nacida en Olavarr\u00eda, vecina de barrio San Vicente, docente Jubilada y Ex Bibliotecaria de la Universidad del Centro.<\/p>\n","protected":false},"excerpt":{"rendered":"<p>Falleci\u00f3 en Olavarr\u00eda el 27 de noviembre de 2021 a los 96 a\u00f1os. Sus hijos Rogelio Omar y Mar\u00eda Cristina<\/p>\n","protected":false},"author":2,"featured_media":0,"comment_status":"closed","ping_status":"closed","sticky":false,"template":"","format":"standard","meta":{"_jetpack_memberships_contains_paid_content":false,"footnotes":""},"categories":[10],"tags":[],"class_list":["post-39959","post","type-post","status-publish","format-standard","hentry","category-necrologicas"],"jetpack_featured_media_url":"","jetpack_sharing_enabled":true,"_links":{"self":[{"href":"https:\/\/cdnoticias.com\/index.php\/wp-json\/wp\/v2\/posts\/39959","targetHints":{"allow":["GET"]}}],"collection":[{"href":"https:\/\/cdnoticias.com\/index.php\/wp-json\/wp\/v2\/posts"}],"about":[{"href":"https:\/\/cdnoticias.com\/index.php\/wp-json\/wp\/v2\/types\/post"}],"author":[{"embeddable":true,"href":"https:\/\/cdnoticias.com\/index.php\/wp-json\/wp\/v2\/users\/2"}],"replies":[{"embeddable":true,"href":"https:\/\/cdnoticias.com\/index.php\/wp-json\/wp\/v2\/comments?post=39959"}],"version-history":[{"count":0,"href":"https:\/\/cdnoticias.com\/index.php\/wp-json\/wp\/v2\/posts\/39959\/revisions"}],"wp:attachment":[{"href":"https:\/\/cdnoticias.com\/index.php\/wp-json\/wp\/v2\/media?parent=39959"}],"wp:term":[{"taxonomy":"category","embeddable":true,"href":"https:\/\/cdnoticias.com\/index.php\/wp-json\/wp\/v2\/categories?post=39959"},{"taxonomy":"post_tag","embeddable":true,"href":"https:\/\/cdnoticias.com\/index.php\/wp-json\/wp\/v2\/tags?post=39959"}],"curies":[{"name":"wp","href":"https:\/\/api.w.org\/{rel}","templated":true}]}}